{"id":2251,"date":"2020-10-11T22:07:29","date_gmt":"2020-10-11T22:07:29","guid":{"rendered":"http:\/\/spvgg-reuth.de\/?p=2251"},"modified":"2020-10-11T22:51:54","modified_gmt":"2020-10-11T22:51:54","slug":"der-dfb-zu-gast-bei-der-spvgg-reuth","status":"publish","type":"post","link":"https:\/\/spvgg-reuth.de\/?p=2251","title":{"rendered":"Der DFB zu Gast bei der SpVgg Reuth"},"content":{"rendered":"<p><strong>Unter Einhaltung der strengen Hygienevorschriften der Covid 19 lud die Jugendabteilung der SpVgg Reuth am Samstag, den 10.10.2020 zur Abnahme des DFB-Fu\u00dfball-Abzeichen ein.<\/strong><\/p>\n<p>Teilnahmeberechtigt waren alle Jugendspielerinnen und Jugendspieler der SpVgg Reuth, die aktuell zwischen 9 und 13 Jahren alt waren.<\/p>\n<p>An f\u00fcnf Stationen durften 48 fu\u00dfballbegeisterte Jugendliche zwei Stunden lang ihr technisches K\u00f6nnen unter Beweis stellen. Die einzelnen Stationen waren so konzipiert, dass m\u00f6glichst abwechslungsreich fu\u00dfballerische Grundfertigkeiten eingefordert wurden.<\/p>\n<p>Hierbei sprachen die Namen der Stationen, wie<\/p>\n<p><strong>&#8222;Dribbelk\u00fcnstler,-Kurzpass-Ass,-Kopfballk\u00f6nig,-Flankengeber,-Elferk\u00f6nig&#8220;<\/strong><\/p>\n<p>&nbsp;<br \/>\n<img loading=\"lazy\" decoding=\"async\" src=\"https:\/\/spvgg-reuth.de\/wp-content\/uploads\/2020\/10\/DFB_1-300x225.jpg\" alt=\"\" width=\"300\" height=\"225\" class=\"alignnone size-medium wp-image-2269\" srcset=\"https:\/\/spvgg-reuth.de\/wp-content\/uploads\/2020\/10\/DFB_1-300x225.jpg 300w, https:\/\/spvgg-reuth.de\/wp-content\/uploads\/2020\/10\/DFB_1-scaled-600x450.jpg 600w, https:\/\/spvgg-reuth.de\/wp-content\/uploads\/2020\/10\/DFB_1-1024x768.jpg 1024w, https:\/\/spvgg-reuth.de\/wp-content\/uploads\/2020\/10\/DFB_1-768x576.jpg 768w, https:\/\/spvgg-reuth.de\/wp-content\/uploads\/2020\/10\/DFB_1-1536x1152.jpg 1536w, https:\/\/spvgg-reuth.de\/wp-content\/uploads\/2020\/10\/DFB_1-2048x1536.jpg 2048w\" sizes=\"auto, (max-width: 300px) 100vw, 300px\" \/><br \/>\n<img loading=\"lazy\" decoding=\"async\" src=\"https:\/\/spvgg-reuth.de\/wp-content\/uploads\/2020\/10\/DFB_2-300x225.jpg\" alt=\"\" width=\"300\" height=\"225\" class=\"alignnone size-medium wp-image-2270\" srcset=\"https:\/\/spvgg-reuth.de\/wp-content\/uploads\/2020\/10\/DFB_2-300x225.jpg 300w, https:\/\/spvgg-reuth.de\/wp-content\/uploads\/2020\/10\/DFB_2-scaled-600x450.jpg 600w, https:\/\/spvgg-reuth.de\/wp-content\/uploads\/2020\/10\/DFB_2-1024x768.jpg 1024w, https:\/\/spvgg-reuth.de\/wp-content\/uploads\/2020\/10\/DFB_2-768x576.jpg 768w, https:\/\/spvgg-reuth.de\/wp-content\/uploads\/2020\/10\/DFB_2-1536x1152.jpg 1536w, https:\/\/spvgg-reuth.de\/wp-content\/uploads\/2020\/10\/DFB_2-2048x1536.jpg 2048w\" sizes=\"auto, (max-width: 300px) 100vw, 300px\" \/><\/p>\n","protected":false},"excerpt":{"rendered":"<p>Unter Einhaltung der strengen Hygienevorschriften der Covid 19 lud die Jugendabteilung der SpVgg Reuth am Samstag, den 10.10.2020 zur Abnahme des DFB-Fu\u00dfball-Abzeichen ein. Teilnahmeberechtigt waren alle Jugendspielerinnen und Jugendspieler der [&hellip;]<\/p>\n","protected":false},"author":6,"featured_media":0,"comment_status":"open","ping_status":"open","sticky":false,"template":"","format":"standard","meta":{"_monsterinsights_skip_tracking":false,"_monsterinsights_sitenote_active":false,"_monsterinsights_sitenote_note":"","_monsterinsights_sitenote_category":0,"footnotes":""},"categories":[5],"tags":[],"class_list":["post-2251","post","type-post","status-publish","format-standard","hentry","category-fussball"],"aioseo_notices":[],"_links":{"self":[{"href":"https:\/\/spvgg-reuth.de\/index.php?rest_route=\/wp\/v2\/posts\/2251","targetHints":{"allow":["GET"]}}],"collection":[{"href":"https:\/\/spvgg-reuth.de\/index.php?rest_route=\/wp\/v2\/posts"}],"about":[{"href":"https:\/\/spvgg-reuth.de\/index.php?rest_route=\/wp\/v2\/types\/post"}],"author":[{"embeddable":true,"href":"https:\/\/spvgg-reuth.de\/index.php?rest_route=\/wp\/v2\/users\/6"}],"replies":[{"embeddable":true,"href":"https:\/\/spvgg-reuth.de\/index.php?rest_route=%2Fwp%2Fv2%2Fcomments&post=2251"}],"version-history":[{"count":0,"href":"https:\/\/spvgg-reuth.de\/index.php?rest_route=\/wp\/v2\/posts\/2251\/revisions"}],"wp:attachment":[{"href":"https:\/\/spvgg-reuth.de\/index.php?rest_route=%2Fwp%2Fv2%2Fmedia&parent=2251"}],"wp:term":[{"taxonomy":"category","embeddable":true,"href":"https:\/\/spvgg-reuth.de\/index.php?rest_route=%2Fwp%2Fv2%2Fcategories&post=2251"},{"taxonomy":"post_tag","embeddable":true,"href":"https:\/\/spvgg-reuth.de\/index.php?rest_route=%2Fwp%2Fv2%2Ftags&post=2251"}],"curies":[{"name":"wp","href":"https:\/\/api.w.org\/{rel}","templated":true}]}}