{"id":2493,"date":"2021-02-06T09:11:48","date_gmt":"2021-02-06T09:11:48","guid":{"rendered":"http:\/\/spvgg-reuth.de\/?p=2493"},"modified":"2021-02-06T09:14:01","modified_gmt":"2021-02-06T09:14:01","slug":"schwaemmlein-verlaengert-zwei-reuther-jungs-kehren-auf-die-hut-zurueck","status":"publish","type":"post","link":"https:\/\/spvgg-reuth.de\/?p=2493","title":{"rendered":"Schw\u00e4mmlein verl\u00e4ngert: Zwei Reuther Jungs kehren auf die Hut zur\u00fcck"},"content":{"rendered":"<p>Reuth liegt zwar noch in Schlagdistanz im Kampf um die Aufstiegsr\u00e4nge, aber wenn die beiden f\u00fchrenden Mannschaften keine Einbruch haben, wird die SpVgg nicht mehr ins Rennen um die Aufstiegspl\u00e4tze eingreifen k\u00f6nnen. Gerade deswegen wurde im Hintergrund schon an der Zukunft gebastelt. Coach Dittmar Schw\u00e4mmlein hat bereits verl\u00e4ngert und bekommt nun zwei spielende Co-Trainer, die \u00fcber reichlich Erfahrung verf\u00fcgen.\t<\/p>\n<p>Die SpVgg Reuth verfolgt in den letzten Jahren ein logisches Konzept. Die Sportanlagen und das Sportheim wurden renoviert, die Zahl der Vereinsaktivit\u00e4ten und Feste wird gesteigert und im Jugend- sowie Damenbereich ist es eine Freude, die Vielzahl der Mannschaften auf der Reuther Hut an jedem Wochentag zu sehen. Sportlich soll die Qualit\u00e4t gesteigert werden in der Ausbildung der Jugend, aber eben auch in der Entwicklung der ersten und zweiten Mannschaft. Nun hat die Abteilungsleitung auch im sportlichen Bereich den angestrebten Weg der \u201eReuther Jungs\u201c weiter fortgeschrieben.<\/p>\n<p>Spielleiterin Theresa Hauser, Abteilungsleiter Norbert Dennerlein sowie Sportvorstand Christian Schechtel k\u00f6nnen schon Vollzug melden mit einem Gro\u00dfteil der Wunschspieler und perfekt besetzte Posten der Co-Trainer. \u201eWir haben den neuen Grundsatz  Spieler zu holen, die einen direkten Bezug zum Verein haben und in unser Konzept passen. Diese Spieler sollen die junge Reuther Mannschaft weiterentwickeln k\u00f6nnen. Das wurde mit den Neuzug\u00e4ngen und dem neuen Trainerteam komplett erf\u00fcllt\u201c, so Abteilungsleiter Nobert Dennerlein.<\/p>\n<p>Coach Schw\u00e4mmlein macht weiter<\/p>\n<p>Auch aktuell profitiert die SpVgg Reuth von der seit Jahren guten Jugendarbeit im Verein und einen gro\u00dfen Anteil daran hat sicherlich auch Dittmar Schw\u00e4mmlein, der die meisten Spieler schon in der Jugend trainiert hat. Nachdem der Trainer zun\u00e4chst nur als Co-Trainer eingestiegen war, hat er die Mannschaft zu Beginn dieser langen Saison \u00fcbernommen und sie aktuell auf Rang 3 in der A-Klasse 3 gef\u00fchrt. Dass es in dieser Saison noch nicht f\u00fcr ganz vorne reicht, ist auch der Unerfahrenheit der Mannschaft zu zuschreiben. Aber genau der Umgang mit den jungen Talenten \u00fcberzeugt die Verantwortlichen der SpVgg Reuth und deshalb wurde mit Dittmar Schw\u00e4mmlein f\u00fcr eine weitere Saison verl\u00e4ngert. &#8222;Seine Erfahrung und die Qualit\u00e4t in der Entwicklung unserer jungen Mannschaft stellt er weiterhin zur Verf\u00fcgung. Verein und Trainer gehen diesen Weg gemeinsam&#8220;, schw\u00e4rmt der Abteilungsleiter von der Arbeit des Trainers.<\/p>\n<p>Zwei Co-Trainer mit reichlich Erfahrung<\/p>\n<p>Nachdem der bisherige Co-Trainer Jona Seitz aufgrund beruflichen und famili\u00e4ren Umst\u00e4nden den Posten nicht mehr regelm\u00e4\u00dfig aus\u00fcben kann, haben die Verantwortlichen zwei sehr gute L\u00f6sungen gefunden. \u201eErstmal m\u00fcssen wir uns beim Jona f\u00fcr seine zuverl\u00e4ssig und qualitative Arbeit bedanken in den letzten Jahren. Nun haben wir mit den beiden neuen Co-Trainer nat\u00fcrlich eine sehr gute L\u00f6sung gefunden, die auch unseren Chefcoach Dittmar Schw\u00e4mmlein aufgrund seiner arbeitszeitlichen Belastung entgegenkommt\u201c, k\u00fcndigt Norbert Dennerlein die zwei neuen Co-Trainer an.<\/p>\n<p>Mit dem 28-j\u00e4hren Felix Burkel und dem 30-j\u00e4hren Michael Kuhn, kehren zwei erfahrene Spieler wieder nach Reuth zur\u00fcck und werden Dittmar Schw\u00e4mmlein ab dem Sommer als Co-Trainer unterst\u00fctzen. Der 30-j\u00e4hrige Mittelfeldspieler Michael Kuhn wechselte zur Saison 2016\/17 nach Schlaifhausen in die Kreisklasse. Dort war er in den ersten beiden Jahren, unter dem erfahrenen Wolfgang Auer zwei Jahre Co-Trainer und konnte erste Erfahrungen im Trainergesch\u00e4ft sammeln. Aus zeitlichen Gr\u00fcnden musste er den Co-Trainer Posten aber aufgeben, blieb aber als Spieler und \u00fcbernahm weiterhin Verantwortung auf dem Feld. <\/p>\n<p>Mit Felix Burkel kehrt ein Torj\u00e4ger zur\u00fcck, der in den letzten Jahren viel h\u00f6herklassig Erfahrung sammeln konnte und bis zur Landesliga kickte. Mit Felix Burkel kehrt auch ein Spieler zur\u00fcck, der sich mit Aufstiegen auskennt. Beim letzten Reuther Aufstieg in der Saison 2011\/12 war er noch an Bord. Nach seinem Wechsel nach Baiersdorf, stieg er gleich im ersten Jahr von der Bezirksliga in die Landesliga auf. Das gleiche gelang im auch mit dem ATSV Erlangen. Beim Jahn schaffte er mit der Mannschaft den Aufstieg von der Landesliga in die Bayernliga und auch bei seiner letzten Station in Buckenhofen gelang der aufstieg von der Kreisliga in die Bezirksliga. Somit kennt der 28-j\u00e4hrige die Drucksituation an der Spitze und kann seine Erfahrungen an die jungen Spieler weitergeben. Allerdings war er in den letzten Jahre auch immer wieder verletzt und musste zwei Mal l\u00e4nger pausieren. Beide Spieler passen aber ins neue Konzept von Spielleiter Norbert Dennerlein, der den Kuckucks-Kickern wieder eine Identit\u00e4t einhauchen will, den Begriff Reuther Jungs etablieren will und so die Bindung der Spieler an den Verein zeigen soll.<\/p>\n<p>Kader wird weiter erg\u00e4nzt <\/p>\n<p>Neben den Trainerteam konnten die Verantwortlichen auch schon einige Spieler vom Konzept der SpVgg Reuth \u00fcberzeugen und bereits Neuverpflichtungen f\u00fcr die neue Saison bekannt geben. Von der Staustufe aus Buckenhofen kommt Jonas Baier zur\u00fcck nach Reuth. Der ehemalige Jugendspieler konnte Erfahrung sammeln und soll ein wichtiger Baustein im Mittelfeld werden. Dazu kommt mit Marcel Gliese ein weitere Forchheimer nach Reuth, der zuletzt in Hirschaid spielte und in Buckenhofen ausgebildet wurde.<\/p>\n<p>Aus der Jugend schiebt mit Benjamin Endres ein vielversprechender St\u00fcrmer in die Herren, sowie mit Florian Hubert, Alexander Herrmann, Finn Springer und Sezer Bayrak weitere Talente in die Herrenmannschaften. Bereits im Sommer haben sich mit David Lutz und Ricardo Geyer zwei weitere Spieler dem Verein angeschlossen. \u201eDurch die Neuzug\u00e4nge ist der Kader qualitativ und quantitativ sehr gut aufgestellt. Die Qualit\u00e4t in Verein und in den Mannschaften soll weiterhin gesteigert werden, damit sich die Reuther Jungs weiterentwickeln k\u00f6nne und der Verein in eine positive Zukunft gef\u00fchrt werden kann. Das n\u00e4chste Ziel, davon sind wir \u00fcberzeugt, ist dann auch, dass sich der sportliche Erfolg in der nahen Zukunft wieder einstellt\u201c, sagt Nobert Dennerlein \u00fcber den eingeschlagenen Weg.<\/p>\n<p>Von Matthias G\u00f6\u00dfwein<\/p>\n","protected":false},"excerpt":{"rendered":"<p>Reuth liegt zwar noch in Schlagdistanz im Kampf um die Aufstiegsr\u00e4nge, aber wenn die beiden f\u00fchrenden Mannschaften keine Einbruch haben, wird die SpVgg nicht mehr ins Rennen um die Aufstiegspl\u00e4tze [&hellip;]<\/p>\n","protected":false},"author":1,"featured_media":0,"comment_status":"open","ping_status":"open","sticky":false,"template":"","format":"standard","meta":{"_monsterinsights_skip_tracking":false,"_monsterinsights_sitenote_active":false,"_monsterinsights_sitenote_note":"","_monsterinsights_sitenote_category":0,"footnotes":""},"categories":[10],"tags":[],"class_list":["post-2493","post","type-post","status-publish","format-standard","hentry","category-1-mannschaft"],"aioseo_notices":[],"_links":{"self":[{"href":"https:\/\/spvgg-reuth.de\/index.php?rest_route=\/wp\/v2\/posts\/2493","targetHints":{"allow":["GET"]}}],"collection":[{"href":"https:\/\/spvgg-reuth.de\/index.php?rest_route=\/wp\/v2\/posts"}],"about":[{"href":"https:\/\/spvgg-reuth.de\/index.php?rest_route=\/wp\/v2\/types\/post"}],"author":[{"embeddable":true,"href":"https:\/\/spvgg-reuth.de\/index.php?rest_route=\/wp\/v2\/users\/1"}],"replies":[{"embeddable":true,"href":"https:\/\/spvgg-reuth.de\/index.php?rest_route=%2Fwp%2Fv2%2Fcomments&post=2493"}],"version-history":[{"count":0,"href":"https:\/\/spvgg-reuth.de\/index.php?rest_route=\/wp\/v2\/posts\/2493\/revisions"}],"wp:attachment":[{"href":"https:\/\/spvgg-reuth.de\/index.php?rest_route=%2Fwp%2Fv2%2Fmedia&parent=2493"}],"wp:term":[{"taxonomy":"category","embeddable":true,"href":"https:\/\/spvgg-reuth.de\/index.php?rest_route=%2Fwp%2Fv2%2Fcategories&post=2493"},{"taxonomy":"post_tag","embeddable":true,"href":"https:\/\/spvgg-reuth.de\/index.php?rest_route=%2Fwp%2Fv2%2Ftags&post=2493"}],"curies":[{"name":"wp","href":"https:\/\/api.w.org\/{rel}","templated":true}]}}