{"id":2607,"date":"2021-06-15T17:28:43","date_gmt":"2021-06-15T17:28:43","guid":{"rendered":"http:\/\/spvgg-reuth.de\/?p=2607"},"modified":"2021-06-15T17:28:43","modified_gmt":"2021-06-15T17:28:43","slug":"christian-schechtel-sportvorstand-der-spvgg-reuth-gratuliert-stefan-eckert-zur-trainer-lizenz","status":"publish","type":"post","link":"https:\/\/spvgg-reuth.de\/?p=2607","title":{"rendered":"Christian Schechtel Sportvorstand der SpVgg Reuth gratuliert Stefan Eckert zur Trainer Lizenz"},"content":{"rendered":"<p>Bereits im Januar 2020 unterzog sich Stefan Eckert eines dezentralen Lehrgangs vom DFB in Eckental f\u00fcr den C-Trainerschein im Jugendfu\u00dfball<\/p>\n<p>Der Lehrgang bestand aus insgesamt 120 Lehrstunden unterteilt in 3 Abschnitte in denen u.a Technik,-Taktik,-Koordination,-Schnelligkeit sowie Sozialpedagogik f\u00fcr Jugendliche vom DFB geschult wurde.<\/p>\n<p>Mit abschlie\u00dfender schriftliche Pr\u00fcfung aus den Theorie und Praxis Teil nach Ende des II Lehrgangsabschnitt wurde ein Zertifikat eines TEAMLEITER-Ausweis vom DFB den Traineranw\u00e4rter Stefan Eckert der SpVgg Reuth \u00fcberreicht.<\/p>\n<p>Im Oktober 2020 wurde dann der abschlie\u00dfende Pr\u00fcfungsteil zur C-Trainer Lizenz im Fu\u00dfball von Stefan Eckert erfolgreich abgeschlossen.<\/p>\n<p>Ein besonderer Dank gilt den Spielern der\u00a0 E1 Junioren der SpVgg Reuth die bei den praktischen Pr\u00fcfungsteil ihren\u00a0 Trainer\u00a0 unterst\u00fctzen konnten.<\/p>\n<p>Nun freut sich der ausgebildete C-Trainer Stefan Eckert sein erlerntes den Jugend Fu\u00dfballern,-innen der SpVgg Reuth weiter geben zu k\u00f6nnen.<\/p>\n<p><img loading=\"lazy\" decoding=\"async\" class=\"alignnone wp-image-2606\" src=\"https:\/\/spvgg-reuth.de\/wp-content\/uploads\/2021\/06\/IMG_8009-300x200.jpeg\" alt=\"\" width=\"455\" height=\"303\" srcset=\"https:\/\/spvgg-reuth.de\/wp-content\/uploads\/2021\/06\/IMG_8009-300x200.jpeg 300w, https:\/\/spvgg-reuth.de\/wp-content\/uploads\/2021\/06\/IMG_8009-scaled-600x400.jpeg 600w, https:\/\/spvgg-reuth.de\/wp-content\/uploads\/2021\/06\/IMG_8009-1024x683.jpeg 1024w, https:\/\/spvgg-reuth.de\/wp-content\/uploads\/2021\/06\/IMG_8009-768x512.jpeg 768w, https:\/\/spvgg-reuth.de\/wp-content\/uploads\/2021\/06\/IMG_8009-1536x1024.jpeg 1536w, https:\/\/spvgg-reuth.de\/wp-content\/uploads\/2021\/06\/IMG_8009-2048x1365.jpeg 2048w\" sizes=\"auto, (max-width: 455px) 100vw, 455px\" \/><\/p>\n","protected":false},"excerpt":{"rendered":"<p>Bereits im Januar 2020 unterzog sich Stefan Eckert eines dezentralen Lehrgangs vom DFB in Eckental f\u00fcr den C-Trainerschein im Jugendfu\u00dfball Der Lehrgang bestand aus insgesamt 120 Lehrstunden unterteilt in 3 [&hellip;]<\/p>\n","protected":false},"author":6,"featured_media":0,"comment_status":"open","ping_status":"open","sticky":false,"template":"","format":"standard","meta":{"_monsterinsights_skip_tracking":false,"_monsterinsights_sitenote_active":false,"_monsterinsights_sitenote_note":"","_monsterinsights_sitenote_category":0,"footnotes":""},"categories":[1],"tags":[],"class_list":["post-2607","post","type-post","status-publish","format-standard","hentry","category-e1-jugend"],"aioseo_notices":[],"_links":{"self":[{"href":"https:\/\/spvgg-reuth.de\/index.php?rest_route=\/wp\/v2\/posts\/2607","targetHints":{"allow":["GET"]}}],"collection":[{"href":"https:\/\/spvgg-reuth.de\/index.php?rest_route=\/wp\/v2\/posts"}],"about":[{"href":"https:\/\/spvgg-reuth.de\/index.php?rest_route=\/wp\/v2\/types\/post"}],"author":[{"embeddable":true,"href":"https:\/\/spvgg-reuth.de\/index.php?rest_route=\/wp\/v2\/users\/6"}],"replies":[{"embeddable":true,"href":"https:\/\/spvgg-reuth.de\/index.php?rest_route=%2Fwp%2Fv2%2Fcomments&post=2607"}],"version-history":[{"count":0,"href":"https:\/\/spvgg-reuth.de\/index.php?rest_route=\/wp\/v2\/posts\/2607\/revisions"}],"wp:attachment":[{"href":"https:\/\/spvgg-reuth.de\/index.php?rest_route=%2Fwp%2Fv2%2Fmedia&parent=2607"}],"wp:term":[{"taxonomy":"category","embeddable":true,"href":"https:\/\/spvgg-reuth.de\/index.php?rest_route=%2Fwp%2Fv2%2Fcategories&post=2607"},{"taxonomy":"post_tag","embeddable":true,"href":"https:\/\/spvgg-reuth.de\/index.php?rest_route=%2Fwp%2Fv2%2Ftags&post=2607"}],"curies":[{"name":"wp","href":"https:\/\/api.w.org\/{rel}","templated":true}]}}