{"id":2701,"date":"2021-07-04T13:51:46","date_gmt":"2021-07-04T13:51:46","guid":{"rendered":"http:\/\/spvgg-reuth.de\/?p=2701"},"modified":"2021-07-04T17:59:35","modified_gmt":"2021-07-04T17:59:35","slug":"tag-des-maedchenfussballs","status":"publish","type":"post","link":"https:\/\/spvgg-reuth.de\/?p=2701","title":{"rendered":"Tag des M\u00e4dchenfu\u00dfballs"},"content":{"rendered":"<p><img loading=\"lazy\" decoding=\"async\" src=\"https:\/\/spvgg-reuth.de\/wp-content\/uploads\/2021\/07\/Damen-turnier1-212x300.jpg\" alt=\"\" width=\"212\" height=\"300\" class=\"alignnone size-medium wp-image-2698\" srcset=\"https:\/\/spvgg-reuth.de\/wp-content\/uploads\/2021\/07\/Damen-turnier1-212x300.jpg 212w, https:\/\/spvgg-reuth.de\/wp-content\/uploads\/2021\/07\/Damen-turnier1-600x848.jpg 600w, https:\/\/spvgg-reuth.de\/wp-content\/uploads\/2021\/07\/Damen-turnier1-724x1024.jpg 724w, https:\/\/spvgg-reuth.de\/wp-content\/uploads\/2021\/07\/Damen-turnier1-768x1086.jpg 768w, https:\/\/spvgg-reuth.de\/wp-content\/uploads\/2021\/07\/Damen-turnier1.jpg 1080w\" sizes=\"auto, (max-width: 212px) 100vw, 212px\" \/><img loading=\"lazy\" decoding=\"async\" src=\"https:\/\/spvgg-reuth.de\/wp-content\/uploads\/2021\/07\/Damen-Turnier2-212x300.jpg\" alt=\"\" width=\"212\" height=\"300\" class=\"alignnone size-medium wp-image-2697\" srcset=\"https:\/\/spvgg-reuth.de\/wp-content\/uploads\/2021\/07\/Damen-Turnier2-212x300.jpg 212w, https:\/\/spvgg-reuth.de\/wp-content\/uploads\/2021\/07\/Damen-Turnier2-600x851.jpg 600w, https:\/\/spvgg-reuth.de\/wp-content\/uploads\/2021\/07\/Damen-Turnier2-722x1024.jpg 722w, https:\/\/spvgg-reuth.de\/wp-content\/uploads\/2021\/07\/Damen-Turnier2-768x1089.jpg 768w, https:\/\/spvgg-reuth.de\/wp-content\/uploads\/2021\/07\/Damen-Turnier2.jpg 1080w\" sizes=\"auto, (max-width: 212px) 100vw, 212px\" \/><br \/>\nAm Samstag den 10.7.21 richten wir, die SpVgg Reuth den Tag des M\u00e4dchenfussballs aus.<br \/>\nWir freuen uns darauf fussballbegeisterte M\u00e4dels aus Forchheim und Umgebung ab 10Uhr am Sportgel\u00e4nde auf der Reuther Hut begr\u00fc\u00dfen zu d\u00fcrfen.<br \/>\nF\u00fcr Speis und Trank ist selbstverst\u00e4ndlich gesorgt.<\/p>\n","protected":false},"excerpt":{"rendered":"<p>Am Samstag den 10.7.21 richten wir, die SpVgg Reuth den Tag des M\u00e4dchenfussballs aus. Wir freuen uns darauf fussballbegeisterte M\u00e4dels aus Forchheim und Umgebung ab 10Uhr am Sportgel\u00e4nde auf der [&hellip;]<\/p>\n","protected":false},"author":1,"featured_media":0,"comment_status":"open","ping_status":"open","sticky":false,"template":"","format":"standard","meta":{"_monsterinsights_skip_tracking":false,"_monsterinsights_sitenote_active":false,"_monsterinsights_sitenote_note":"","_monsterinsights_sitenote_category":0,"footnotes":""},"categories":[5],"tags":[],"class_list":["post-2701","post","type-post","status-publish","format-standard","hentry","category-fussball"],"aioseo_notices":[],"_links":{"self":[{"href":"https:\/\/spvgg-reuth.de\/index.php?rest_route=\/wp\/v2\/posts\/2701","targetHints":{"allow":["GET"]}}],"collection":[{"href":"https:\/\/spvgg-reuth.de\/index.php?rest_route=\/wp\/v2\/posts"}],"about":[{"href":"https:\/\/spvgg-reuth.de\/index.php?rest_route=\/wp\/v2\/types\/post"}],"author":[{"embeddable":true,"href":"https:\/\/spvgg-reuth.de\/index.php?rest_route=\/wp\/v2\/users\/1"}],"replies":[{"embeddable":true,"href":"https:\/\/spvgg-reuth.de\/index.php?rest_route=%2Fwp%2Fv2%2Fcomments&post=2701"}],"version-history":[{"count":0,"href":"https:\/\/spvgg-reuth.de\/index.php?rest_route=\/wp\/v2\/posts\/2701\/revisions"}],"wp:attachment":[{"href":"https:\/\/spvgg-reuth.de\/index.php?rest_route=%2Fwp%2Fv2%2Fmedia&parent=2701"}],"wp:term":[{"taxonomy":"category","embeddable":true,"href":"https:\/\/spvgg-reuth.de\/index.php?rest_route=%2Fwp%2Fv2%2Fcategories&post=2701"},{"taxonomy":"post_tag","embeddable":true,"href":"https:\/\/spvgg-reuth.de\/index.php?rest_route=%2Fwp%2Fv2%2Ftags&post=2701"}],"curies":[{"name":"wp","href":"https:\/\/api.w.org\/{rel}","templated":true}]}}