{"id":2719,"date":"2021-07-09T21:21:05","date_gmt":"2021-07-09T21:21:05","guid":{"rendered":"http:\/\/spvgg-reuth.de\/?p=2719"},"modified":"2021-07-13T08:18:26","modified_gmt":"2021-07-13T08:18:26","slug":"reuter-bodenschaetze-fuer-die-europameisterschaften-nominiert","status":"publish","type":"post","link":"https:\/\/spvgg-reuth.de\/?p=2719","title":{"rendered":"Reuther Bogensch\u00fctzen f\u00fcr die Europameisterschaften nominiert"},"content":{"rendered":"<p>Jakob Hetz f\u00fcr das deutsche Feldbogenteam bei den Europameisterschaften 2021 nominiert.<br \/>\nNach dem Gewinn der Bayerischen Meisterschaft in Bronn\/Pegnitz am 19. und 20. Juni 2021 und einem hervorragenden 1. Platz beim deutschen Ranglistenturnier der Feldbogensch\u00fctzen am ersten Juli-Wochenende in Delmenhorst hat Feldbogenbundestrainer Peter Lange den BC-SpVgg-Reuth-Sch\u00fctzen Jakob Hetz f\u00fcr die Feldbogen-EM nominiert. Die diesj\u00e4hrigen Europameisterschaften finden Anfang September im kroatischen Proec statt.<\/p>\n","protected":false},"excerpt":{"rendered":"<p>Jakob Hetz f\u00fcr das deutsche Feldbogenteam bei den Europameisterschaften 2021 nominiert. Nach dem Gewinn der Bayerischen Meisterschaft in Bronn\/Pegnitz am 19. und 20. Juni 2021 und einem hervorragenden 1. Platz [&hellip;]<\/p>\n","protected":false},"author":1,"featured_media":0,"comment_status":"open","ping_status":"open","sticky":false,"template":"","format":"standard","meta":{"_monsterinsights_skip_tracking":false,"_monsterinsights_sitenote_active":false,"_monsterinsights_sitenote_note":"","_monsterinsights_sitenote_category":0,"footnotes":""},"categories":[13],"tags":[],"class_list":["post-2719","post","type-post","status-publish","format-standard","hentry","category-bogen-spvgg-reuth"],"aioseo_notices":[],"_links":{"self":[{"href":"https:\/\/spvgg-reuth.de\/index.php?rest_route=\/wp\/v2\/posts\/2719","targetHints":{"allow":["GET"]}}],"collection":[{"href":"https:\/\/spvgg-reuth.de\/index.php?rest_route=\/wp\/v2\/posts"}],"about":[{"href":"https:\/\/spvgg-reuth.de\/index.php?rest_route=\/wp\/v2\/types\/post"}],"author":[{"embeddable":true,"href":"https:\/\/spvgg-reuth.de\/index.php?rest_route=\/wp\/v2\/users\/1"}],"replies":[{"embeddable":true,"href":"https:\/\/spvgg-reuth.de\/index.php?rest_route=%2Fwp%2Fv2%2Fcomments&post=2719"}],"version-history":[{"count":0,"href":"https:\/\/spvgg-reuth.de\/index.php?rest_route=\/wp\/v2\/posts\/2719\/revisions"}],"wp:attachment":[{"href":"https:\/\/spvgg-reuth.de\/index.php?rest_route=%2Fwp%2Fv2%2Fmedia&parent=2719"}],"wp:term":[{"taxonomy":"category","embeddable":true,"href":"https:\/\/spvgg-reuth.de\/index.php?rest_route=%2Fwp%2Fv2%2Fcategories&post=2719"},{"taxonomy":"post_tag","embeddable":true,"href":"https:\/\/spvgg-reuth.de\/index.php?rest_route=%2Fwp%2Fv2%2Ftags&post=2719"}],"curies":[{"name":"wp","href":"https:\/\/api.w.org\/{rel}","templated":true}]}}