{"id":3114,"date":"2022-04-06T20:42:14","date_gmt":"2022-04-06T20:42:14","guid":{"rendered":"http:\/\/spvgg-reuth.de\/?p=3114"},"modified":"2022-05-17T21:51:06","modified_gmt":"2022-05-17T21:51:06","slug":"endlich-wieder-wettkaempfe","status":"publish","type":"post","link":"https:\/\/spvgg-reuth.de\/?p=3114","title":{"rendered":"Forchheimer Turner greifen wieder an!"},"content":{"rendered":"<p>Nachdem pandemiebedingt die letzten beiden Jahre keine Wettk\u00e4mpfe im Turngau S\u00fcdoberfranken stattfinden konnten, wurden am 02.04.2022 die Jahrgangsbestenk\u00e4mpfe 2022 in Lichtenfels ausgetragen.<\/p>\n<p>Zu Gast bei der Turnerschaft Lichtenfels konnten sich die Forchheimer Turner unter anderem mit Teilnehmern aus Lichtenfels, Michelau, Rehau, Hof und Altenkunststadt messen. Dar\u00fcber hinaus konnten sich Vereinsvertreter und \u00dcbungsleiter \u00fcber die vergangen und nun anstehenden Herausforderungen austauschen. Einige Vereine leiden noch immer stark unter der sehr langen \u201eCorona-Pause\u201c, was sich zum Einen im Mangel an \u00dcbungsleitern und zum Anderen bei abgewanderten Kindern und Jugendlichen zeigt.<\/p>\n<p>Umso erfreulicher ist, dass sich die Turner des VFB Forchheim und der Sportvereinigung Reuth gest\u00e4rkt und geschlossen durch die Pandemie man\u00f6vriert haben. Durch Freilufttrainingseinheiten und Trainingsangeboten \u00fcber die Sommerferien konnten die Turner fit und motiviert gehalten werden.<\/p>\n<p>Nachdem die SpVgg Reuth bereits 2019 erstmalig Wettkampfluft schnupperte kehrt der VFB Forchheim nach fast 10-j\u00e4hriger Abwesenheit in den Wettkampfbetrieb zur\u00fcck. Nach gemeinsamer Vorbereitung und Trainingsgestaltung starteten 5 Turner der SpVgg und 3 Turner des VFB in der Vereinshalle der TS Lichtenfels.<\/p>\n<p>Geturnt wurde im Sechskampf an Boden, Seitpferd, Ringe, Sprung, Barren und Reck. Die J\u00fcngeren Jahrg\u00e4nge pr\u00e4sentierten Pflicht\u00fcbungen, wobei jeder Turner zwischen den Leistungsklassen pro Ger\u00e4t w\u00e4hlen konnte. Die Jugendlichen und Erwachsen zeigten K\u00fcr\u00fcbungen in den Leistungsklassen 1 und 2. Vor allem die Ger\u00e4te Ringe und Seitpferd stellen f\u00fcr die J\u00fcngeren eine gro\u00dfe Herausforderung dar, da hier die heranf\u00fchrenden \u00dcbungsteile bereits sehr kraftintensiv sind.<\/p>\n<p>Es hat sich gezeigt, dass sich das Training der vergangenen Wochen gelohnt hat. Die Jungs zeigten durchweg gute \u00dcbungen, sodass am Ende einige Podest Pl\u00e4tze durch die Forchheimer Turner belegt werden konnten!<\/p>\n<p><img loading=\"lazy\" decoding=\"async\" class=\"size-medium wp-image-3115 aligncenter\" src=\"https:\/\/spvgg-reuth.de\/wp-content\/uploads\/2022\/04\/DSC_7695-Kopie-300x256.jpg\" alt=\"\" width=\"300\" height=\"256\" srcset=\"https:\/\/spvgg-reuth.de\/wp-content\/uploads\/2022\/04\/DSC_7695-Kopie-300x256.jpg 300w, https:\/\/spvgg-reuth.de\/wp-content\/uploads\/2022\/04\/DSC_7695-Kopie-600x511.jpg 600w, https:\/\/spvgg-reuth.de\/wp-content\/uploads\/2022\/04\/DSC_7695-Kopie-1024x873.jpg 1024w, https:\/\/spvgg-reuth.de\/wp-content\/uploads\/2022\/04\/DSC_7695-Kopie-768x654.jpg 768w, https:\/\/spvgg-reuth.de\/wp-content\/uploads\/2022\/04\/DSC_7695-Kopie-1536x1309.jpg 1536w, https:\/\/spvgg-reuth.de\/wp-content\/uploads\/2022\/04\/DSC_7695-Kopie-2048x1745.jpg 2048w\" sizes=\"auto, (max-width: 300px) 100vw, 300px\" \/><\/p>\n<p>Im Mai folgen weitere Wettk\u00e4mpfe, dann auch f\u00fcr die M\u00e4dchen.<\/p>\n","protected":false},"excerpt":{"rendered":"<p>Nachdem pandemiebedingt die letzten beiden Jahre keine Wettk\u00e4mpfe im Turngau S\u00fcdoberfranken stattfinden konnten, wurden am 02.04.2022 die Jahrgangsbestenk\u00e4mpfe 2022 in Lichtenfels ausgetragen. Zu Gast bei der Turnerschaft Lichtenfels konnten sich [&hellip;]<\/p>\n","protected":false},"author":4,"featured_media":0,"comment_status":"open","ping_status":"open","sticky":false,"template":"","format":"standard","meta":{"_monsterinsights_skip_tracking":false,"_monsterinsights_sitenote_active":false,"_monsterinsights_sitenote_note":"","_monsterinsights_sitenote_category":0,"footnotes":""},"categories":[7,4,12],"tags":[],"class_list":["post-3114","post","type-post","status-publish","format-standard","hentry","category-allgemein","category-geraetturnen","category-turnen"],"aioseo_notices":[],"_links":{"self":[{"href":"https:\/\/spvgg-reuth.de\/index.php?rest_route=\/wp\/v2\/posts\/3114","targetHints":{"allow":["GET"]}}],"collection":[{"href":"https:\/\/spvgg-reuth.de\/index.php?rest_route=\/wp\/v2\/posts"}],"about":[{"href":"https:\/\/spvgg-reuth.de\/index.php?rest_route=\/wp\/v2\/types\/post"}],"author":[{"embeddable":true,"href":"https:\/\/spvgg-reuth.de\/index.php?rest_route=\/wp\/v2\/users\/4"}],"replies":[{"embeddable":true,"href":"https:\/\/spvgg-reuth.de\/index.php?rest_route=%2Fwp%2Fv2%2Fcomments&post=3114"}],"version-history":[{"count":0,"href":"https:\/\/spvgg-reuth.de\/index.php?rest_route=\/wp\/v2\/posts\/3114\/revisions"}],"wp:attachment":[{"href":"https:\/\/spvgg-reuth.de\/index.php?rest_route=%2Fwp%2Fv2%2Fmedia&parent=3114"}],"wp:term":[{"taxonomy":"category","embeddable":true,"href":"https:\/\/spvgg-reuth.de\/index.php?rest_route=%2Fwp%2Fv2%2Fcategories&post=3114"},{"taxonomy":"post_tag","embeddable":true,"href":"https:\/\/spvgg-reuth.de\/index.php?rest_route=%2Fwp%2Fv2%2Ftags&post=3114"}],"curies":[{"name":"wp","href":"https:\/\/api.w.org\/{rel}","templated":true}]}}