{"id":3120,"date":"2022-05-17T21:18:31","date_gmt":"2022-05-17T21:18:31","guid":{"rendered":"http:\/\/spvgg-reuth.de\/?p=3120"},"modified":"2022-05-17T21:18:31","modified_gmt":"2022-05-17T21:18:31","slug":"die-juengste-reuther-turnerin-siegt","status":"publish","type":"post","link":"https:\/\/spvgg-reuth.de\/?p=3120","title":{"rendered":"Die j\u00fcngste Reuther Turnerin siegt!"},"content":{"rendered":"<p>Am 14.Mai 2022 durften nun auch die M\u00e4dchen der SpVgg Reuth nach 2 \u00bd-j\u00e4hriger coronabedingter Turnpause wieder beim Bayern-Cup im Einzelwettbewerb teilnehmen. Durchgef\u00fchrt wurde er in einem Durchgang am Samstagvormittag vom TV Strullendorf. Nach kurzen Startschwierigkeiten durften auch die Reuther Turnerinnen ihre \u00dcbungen am Reck, Balken, Boden und Sprung \u00fcber Bock oder Pferd zeigen.<\/p>\n<p>Alle M\u00e4dchen im Alter von 7 bis 11 Jahren k\u00f6nnen mit ihrem ersten Wettkampf im Ger\u00e4tturnen sehr zufrieden sein. Alle Spr\u00fcnge am Balken wurden gestanden, der Aufschwung am Reck wurde gemeistert und die Hocke \u00fcbers Pferd verlief ohne Sturz.<\/p>\n<p>Am meisten \u00fcberraschte die J\u00fcngste der sechs Turnerinnen. Sophia erturnte sich den 1. Platz im Jahrgang 2015 knapp vor den Turnerinnen des TV Strullendorf!<\/p>\n<p><img loading=\"lazy\" decoding=\"async\" class=\"size-medium wp-image-3121 aligncenter\" src=\"https:\/\/spvgg-reuth.de\/wp-content\/uploads\/2022\/05\/IMG-20220516-WA0007-300x298.jpg\" alt=\"\" width=\"300\" height=\"298\" srcset=\"https:\/\/spvgg-reuth.de\/wp-content\/uploads\/2022\/05\/IMG-20220516-WA0007-300x298.jpg 300w, https:\/\/spvgg-reuth.de\/wp-content\/uploads\/2022\/05\/IMG-20220516-WA0007-100x100.jpg 100w, https:\/\/spvgg-reuth.de\/wp-content\/uploads\/2022\/05\/IMG-20220516-WA0007-600x596.jpg 600w, https:\/\/spvgg-reuth.de\/wp-content\/uploads\/2022\/05\/IMG-20220516-WA0007-150x150.jpg 150w, https:\/\/spvgg-reuth.de\/wp-content\/uploads\/2022\/05\/IMG-20220516-WA0007-768x763.jpg 768w, https:\/\/spvgg-reuth.de\/wp-content\/uploads\/2022\/05\/IMG-20220516-WA0007.jpg 1023w\" sizes=\"auto, (max-width: 300px) 100vw, 300px\" \/><\/p>\n<p>Kommenden Samstag, den 21.05.2022 hei\u00dft es dann wieder Daumendr\u00fccken f\u00fcr die Jungs der SpVgg Reuth und des VfB Forchheim, die beim Bayern-Cup in Michelau starten.<\/p>\n<p>&nbsp;<\/p>\n","protected":false},"excerpt":{"rendered":"<p>Am 14.Mai 2022 durften nun auch die M\u00e4dchen der SpVgg Reuth nach 2 \u00bd-j\u00e4hriger coronabedingter Turnpause wieder beim Bayern-Cup im Einzelwettbewerb teilnehmen. Durchgef\u00fchrt wurde er in einem Durchgang am Samstagvormittag [&hellip;]<\/p>\n","protected":false},"author":4,"featured_media":0,"comment_status":"open","ping_status":"open","sticky":false,"template":"","format":"standard","meta":{"_monsterinsights_skip_tracking":false,"_monsterinsights_sitenote_active":false,"_monsterinsights_sitenote_note":"","_monsterinsights_sitenote_category":0,"footnotes":""},"categories":[7,4,12],"tags":[],"class_list":["post-3120","post","type-post","status-publish","format-standard","hentry","category-allgemein","category-geraetturnen","category-turnen"],"aioseo_notices":[],"_links":{"self":[{"href":"https:\/\/spvgg-reuth.de\/index.php?rest_route=\/wp\/v2\/posts\/3120","targetHints":{"allow":["GET"]}}],"collection":[{"href":"https:\/\/spvgg-reuth.de\/index.php?rest_route=\/wp\/v2\/posts"}],"about":[{"href":"https:\/\/spvgg-reuth.de\/index.php?rest_route=\/wp\/v2\/types\/post"}],"author":[{"embeddable":true,"href":"https:\/\/spvgg-reuth.de\/index.php?rest_route=\/wp\/v2\/users\/4"}],"replies":[{"embeddable":true,"href":"https:\/\/spvgg-reuth.de\/index.php?rest_route=%2Fwp%2Fv2%2Fcomments&post=3120"}],"version-history":[{"count":0,"href":"https:\/\/spvgg-reuth.de\/index.php?rest_route=\/wp\/v2\/posts\/3120\/revisions"}],"wp:attachment":[{"href":"https:\/\/spvgg-reuth.de\/index.php?rest_route=%2Fwp%2Fv2%2Fmedia&parent=3120"}],"wp:term":[{"taxonomy":"category","embeddable":true,"href":"https:\/\/spvgg-reuth.de\/index.php?rest_route=%2Fwp%2Fv2%2Fcategories&post=3120"},{"taxonomy":"post_tag","embeddable":true,"href":"https:\/\/spvgg-reuth.de\/index.php?rest_route=%2Fwp%2Fv2%2Ftags&post=3120"}],"curies":[{"name":"wp","href":"https:\/\/api.w.org\/{rel}","templated":true}]}}