{"id":3181,"date":"2022-06-19T12:06:14","date_gmt":"2022-06-19T12:06:14","guid":{"rendered":"http:\/\/spvgg-reuth.de\/?p=3181"},"modified":"2022-06-19T12:06:14","modified_gmt":"2022-06-19T12:06:14","slug":"3-podestplaetze-fuer-turner-aus-forchheim","status":"publish","type":"post","link":"https:\/\/spvgg-reuth.de\/?p=3181","title":{"rendered":"3 Podestpl\u00e4tze f\u00fcr Turner aus Forchheim"},"content":{"rendered":"<p style=\"text-align: center;\">Nachdem die Turner aus Forchheim von der SpVgg Reuth und vom VFB beim ersten Wettkampf nach Corona mit einigen Podestpl\u00e4tzen erfolgreich ihren Wiedereinstieg im Turngau S\u00fcdoberfranken gemeistert hatten, galt es die Leistung beim folgenden Bayern Cup in Michelau am 21.05.22 zu best\u00e4tigen.<\/p>\n<p style=\"text-align: center;\">49 Teilnehmer aus sieben Vereinen in f\u00fcnf Altersklassen turnten um die Podestpl\u00e4tze in den Disziplinen Boden, Pauschenpferd, Ringe, Sprung, Barren und Reck. Da im Turngau Nordoberfranken kein Wettkampf angeboten werden konnte, waren auch Turner aus Hof und Rehau am Start.<\/p>\n<p style=\"text-align: center;\">Forchheim war mit 15 Aktiven verteilt \u00fcber alle Altersklassen vertreten.<\/p>\n<p><img loading=\"lazy\" decoding=\"async\" class=\"size-medium wp-image-3182 aligncenter\" src=\"https:\/\/spvgg-reuth.de\/wp-content\/uploads\/2022\/06\/DSC_7779-288x300.jpg\" alt=\"\" width=\"288\" height=\"300\" srcset=\"https:\/\/spvgg-reuth.de\/wp-content\/uploads\/2022\/06\/DSC_7779-288x300.jpg 288w, https:\/\/spvgg-reuth.de\/wp-content\/uploads\/2022\/06\/DSC_7779-scaled-600x626.jpg 600w, https:\/\/spvgg-reuth.de\/wp-content\/uploads\/2022\/06\/DSC_7779-982x1024.jpg 982w, https:\/\/spvgg-reuth.de\/wp-content\/uploads\/2022\/06\/DSC_7779-768x801.jpg 768w, https:\/\/spvgg-reuth.de\/wp-content\/uploads\/2022\/06\/DSC_7779-1473x1536.jpg 1473w, https:\/\/spvgg-reuth.de\/wp-content\/uploads\/2022\/06\/DSC_7779-1963x2048.jpg 1963w\" sizes=\"auto, (max-width: 288px) 100vw, 288px\" \/><\/p>\n<p style=\"text-align: center;\">F\u00fcr die H\u00e4lfte der Jungs war es der erste Wettkampf, was bei dem ein oder andern durchaus f\u00fcr Nervosit\u00e4t am Ger\u00e4t sorgte. Dabei stand f\u00fcr die Trainer nicht die Wertung, sondern das Erlebnis im Vordergrund. Alle gaben ihr Bestes und am Ende konnten sich die mitgereisten Eltern, Trainer und Turner selbst \u00fcber ihre gro\u00dfartigen Leistungen freuen.<\/p>\n<p style=\"text-align: center;\">Besonders herauszuheben sind dabei der zweite Platz von Nick Zeh (WK2) und die Drittplatzierung von Sebastian Pohl (WK5), der f\u00fcr seinen \u00dcberschlag am Sprungtisch den h\u00f6chsten Wert in seiner Altersklasse bekam. F\u00fcr beide war es der erste Wettkampf. Ebenso freuen konnte sich Haris Polychroniadis \u00fcber seinen dritten Platz (WK6) mit der h\u00f6chsten Wertung am Boden, der dadurch seine Leistung aus dem vorherigen Wettkampf best\u00e4tigte.<\/p>\n<p style=\"text-align: center;\">Nun gilt es die Zeit bis zum Herbst zu nutzen, um die Turner auf die kommenden Mannschaftswettk\u00e4mpfe vorzubereiten und die Leistungen zu festigen.<\/p>\n<p style=\"text-align: center;\"><strong>PLATZIERUNGEN:<\/strong><\/p>\n<p style=\"text-align: center;\">SpVgg Reuth: Oskar Zimmermann (6.\/WK6), Johannes Zenneck (7.\/WK6), Haris Polychroniadis (3.\/WK6), Samuel Wolf (5.\/WK6), Felix Hartmann (6.\/WK5), Krispin St\u00f6hr (8.\/WK5), Simon Schuster (9.\/WK5), Emil Zimmermann (5.\/WK4), Vinzenz St\u00f6hr (9.\/WK4), Tobias Zenneck (10.\/WK4)<\/p>\n<p style=\"text-align: center;\">VfB Forchheim: Jakob Seeberger (4.\/WK6), Sebastian Pohl (3.\/WK5), Jonas Zeh (11\/WK3) Luca Schwarzmann (8.\/WK3), Nick Zeh (2.\/WK2)<\/p>\n","protected":false},"excerpt":{"rendered":"<p>Nachdem die Turner aus Forchheim von der SpVgg Reuth und vom VFB beim ersten Wettkampf nach Corona mit einigen Podestpl\u00e4tzen erfolgreich ihren Wiedereinstieg im Turngau S\u00fcdoberfranken gemeistert hatten, galt es [&hellip;]<\/p>\n","protected":false},"author":4,"featured_media":0,"comment_status":"open","ping_status":"open","sticky":false,"template":"","format":"standard","meta":{"_monsterinsights_skip_tracking":false,"_monsterinsights_sitenote_active":false,"_monsterinsights_sitenote_note":"","_monsterinsights_sitenote_category":0,"footnotes":""},"categories":[7,4,12],"tags":[],"class_list":["post-3181","post","type-post","status-publish","format-standard","hentry","category-allgemein","category-geraetturnen","category-turnen"],"aioseo_notices":[],"_links":{"self":[{"href":"https:\/\/spvgg-reuth.de\/index.php?rest_route=\/wp\/v2\/posts\/3181","targetHints":{"allow":["GET"]}}],"collection":[{"href":"https:\/\/spvgg-reuth.de\/index.php?rest_route=\/wp\/v2\/posts"}],"about":[{"href":"https:\/\/spvgg-reuth.de\/index.php?rest_route=\/wp\/v2\/types\/post"}],"author":[{"embeddable":true,"href":"https:\/\/spvgg-reuth.de\/index.php?rest_route=\/wp\/v2\/users\/4"}],"replies":[{"embeddable":true,"href":"https:\/\/spvgg-reuth.de\/index.php?rest_route=%2Fwp%2Fv2%2Fcomments&post=3181"}],"version-history":[{"count":0,"href":"https:\/\/spvgg-reuth.de\/index.php?rest_route=\/wp\/v2\/posts\/3181\/revisions"}],"wp:attachment":[{"href":"https:\/\/spvgg-reuth.de\/index.php?rest_route=%2Fwp%2Fv2%2Fmedia&parent=3181"}],"wp:term":[{"taxonomy":"category","embeddable":true,"href":"https:\/\/spvgg-reuth.de\/index.php?rest_route=%2Fwp%2Fv2%2Fcategories&post=3181"},{"taxonomy":"post_tag","embeddable":true,"href":"https:\/\/spvgg-reuth.de\/index.php?rest_route=%2Fwp%2Fv2%2Ftags&post=3181"}],"curies":[{"name":"wp","href":"https:\/\/api.w.org\/{rel}","templated":true}]}}