{"id":3439,"date":"2022-12-06T17:43:08","date_gmt":"2022-12-06T17:43:08","guid":{"rendered":"http:\/\/spvgg-reuth.de\/?p=3439"},"modified":"2022-12-06T17:58:22","modified_gmt":"2022-12-06T17:58:22","slug":"forchheimer-turner-gingen-in-allen-wettkampfklassen-an-den-start","status":"publish","type":"post","link":"https:\/\/spvgg-reuth.de\/?p=3439","title":{"rendered":"Forchheimer Turner gingen in allen Wettkampfklassen an den Start!"},"content":{"rendered":"<p><img loading=\"lazy\" decoding=\"async\" class=\" wp-image-3440 aligncenter\" src=\"https:\/\/spvgg-reuth.de\/wp-content\/uploads\/2022\/12\/20221120_Lichtenfels-Jungs-300x181.jpg\" alt=\"\" width=\"553\" height=\"333\" srcset=\"https:\/\/spvgg-reuth.de\/wp-content\/uploads\/2022\/12\/20221120_Lichtenfels-Jungs-300x181.jpg 300w, https:\/\/spvgg-reuth.de\/wp-content\/uploads\/2022\/12\/20221120_Lichtenfels-Jungs-scaled-600x361.jpg 600w, https:\/\/spvgg-reuth.de\/wp-content\/uploads\/2022\/12\/20221120_Lichtenfels-Jungs-1024x616.jpg 1024w, https:\/\/spvgg-reuth.de\/wp-content\/uploads\/2022\/12\/20221120_Lichtenfels-Jungs-768x462.jpg 768w, https:\/\/spvgg-reuth.de\/wp-content\/uploads\/2022\/12\/20221120_Lichtenfels-Jungs-1536x925.jpg 1536w, https:\/\/spvgg-reuth.de\/wp-content\/uploads\/2022\/12\/20221120_Lichtenfels-Jungs-2048x1233.jpg 2048w\" sizes=\"auto, (max-width: 553px) 100vw, 553px\" \/><\/p>\n<p style=\"text-align: left;\">An der vom Turngau S\u00fcdoberfranken ausgerichteten Gau Sch\u00fcler Liga schickte die Trainingsgemeinschaft der SpVgg Reuth und des VFB Forchheim 3 Mannschaften ins Rennen. Dar\u00fcber hinaus komplettierten 2 Turner des VFB Forchheim eine Mannschaft des TV Michelau welche als TG Obermain an den Start ging.<\/p>\n<p style=\"text-align: left;\">Die Gau Sch\u00fclerliga 2022 unterteilte sich in zwei Wettkampftage und wurde in 4 Wettkampfklassen ausgeschrieben. Pro Mannschaft konnten 5 Turner gemeldet werden, wobei die 3 Besten Wertungen je Ger\u00e4t in die Endpunktzahl einflossen.<\/p>\n<p style=\"text-align: left;\">Jugend A\/B TG Obermain: Nick Zeh und Luca Schwarzmann vom VFB Forchheim wurden durch zwei Turner aus Michelau erg\u00e4nzt und erreichten den 4. Platz. Besonders herauszuheben ist die respektable Einzelwertung 90,40 Punkten von Luca Schwarzmann, was die Drittbeste Einzelleistung seines Jahrgangs bedeutete.<\/p>\n<p style=\"text-align: left;\">Jugend C VFB Forchheim: Nils Leonhard, Tobias Zenneck, Jannik Wolf, Simon Schuster, Sebastian Pohl und Emil Zimmermann mussten sich denkbar knapp der TSL Lichtenfels geschlagen geben und erreichten den 3. Platz. Beste Einzelleistung im gesamten Jahrgang 2011 erzielte mit 81,50 Punkten Sebastian Pohl.<\/p>\n<p style=\"text-align: left;\">Jugend D VFB Forchheim: Emanuel Schlosser, Leonard Pohl, Jakob Seeberger, Ben Justi, Krispin St\u00f6r und Laurens Rotter erturnten sich den 2. Platz hinter dem TV Altenkunstadt und vor der SG R\u00f6dental. Auch im Jahrgang 2012 stellten die Forchheimer mit Krispin St\u00f6r den Turner mit der besten Einzelwertung von 78,65 Punkten.<\/p>\n<p style=\"text-align: left;\">Jugend E SpVgg Reuth: Oskar Zimmermann, Timon Scheld, Lukas Marquardt, Haris Polychroniadis, Philo Reickersdorfer und Johannes Zenneck triumphierten mit gro\u00dfem Abstand und belegten den 1. Platz! Zudem erturnten Oskar Zimmermann (2016) und Johannes Zenneck (2015) die besten Einzelergebnisse in ihrem Jahrgang.<\/p>\n<p style=\"text-align: left;\">Verletzungs- und krankheitsbedingt musste in den Wettkampfklassen C, D und E etwas umdisponiert werden, sodass durchaus noch die ein oder andere Einzelplatzierung und damit verbunden eine bessere Mannschaftsergebnis drin gewesen w\u00e4re.<\/p>\n<p style=\"text-align: left;\">Vielen Dank gilt den beiden ausrichtenden Vereinen dem TV Altenkunstadt und der TS Lichtenfels die der Gau Sch\u00fclerliga 2022 einen gelungenen Rahmen geboten haben!<\/p>\n<p style=\"text-align: left;\">Die Forchheimer Turner gehen aufgrund der guten Leistungen positiv in die Vorbereitungen auf die Einzelwettk\u00e4mpfe zum Saisonstart im Fr\u00fchjahr.<\/p>\n","protected":false},"excerpt":{"rendered":"<p>An der vom Turngau S\u00fcdoberfranken ausgerichteten Gau Sch\u00fcler Liga schickte die Trainingsgemeinschaft der SpVgg Reuth und des VFB Forchheim 3 Mannschaften ins Rennen. Dar\u00fcber hinaus komplettierten 2 Turner des VFB [&hellip;]<\/p>\n","protected":false},"author":4,"featured_media":0,"comment_status":"open","ping_status":"open","sticky":false,"template":"","format":"standard","meta":{"_monsterinsights_skip_tracking":false,"_monsterinsights_sitenote_active":false,"_monsterinsights_sitenote_note":"","_monsterinsights_sitenote_category":0,"footnotes":""},"categories":[7,4,12],"tags":[],"class_list":["post-3439","post","type-post","status-publish","format-standard","hentry","category-allgemein","category-geraetturnen","category-turnen"],"aioseo_notices":[],"_links":{"self":[{"href":"https:\/\/spvgg-reuth.de\/index.php?rest_route=\/wp\/v2\/posts\/3439","targetHints":{"allow":["GET"]}}],"collection":[{"href":"https:\/\/spvgg-reuth.de\/index.php?rest_route=\/wp\/v2\/posts"}],"about":[{"href":"https:\/\/spvgg-reuth.de\/index.php?rest_route=\/wp\/v2\/types\/post"}],"author":[{"embeddable":true,"href":"https:\/\/spvgg-reuth.de\/index.php?rest_route=\/wp\/v2\/users\/4"}],"replies":[{"embeddable":true,"href":"https:\/\/spvgg-reuth.de\/index.php?rest_route=%2Fwp%2Fv2%2Fcomments&post=3439"}],"version-history":[{"count":0,"href":"https:\/\/spvgg-reuth.de\/index.php?rest_route=\/wp\/v2\/posts\/3439\/revisions"}],"wp:attachment":[{"href":"https:\/\/spvgg-reuth.de\/index.php?rest_route=%2Fwp%2Fv2%2Fmedia&parent=3439"}],"wp:term":[{"taxonomy":"category","embeddable":true,"href":"https:\/\/spvgg-reuth.de\/index.php?rest_route=%2Fwp%2Fv2%2Fcategories&post=3439"},{"taxonomy":"post_tag","embeddable":true,"href":"https:\/\/spvgg-reuth.de\/index.php?rest_route=%2Fwp%2Fv2%2Ftags&post=3439"}],"curies":[{"name":"wp","href":"https:\/\/api.w.org\/{rel}","templated":true}]}}