{"id":5247,"date":"2023-05-27T20:57:39","date_gmt":"2023-05-27T20:57:39","guid":{"rendered":"https:\/\/spvgg-reuth.de\/?p=5247"},"modified":"2023-11-27T21:14:33","modified_gmt":"2023-11-27T21:14:33","slug":"forchheimer-turner-beim-bayerischen-landesturnfest-in-regensburg","status":"publish","type":"post","link":"https:\/\/spvgg-reuth.de\/?p=5247","title":{"rendered":"Forchheimer Turner beim Bayerischen Landesturnfest in Regensburg"},"content":{"rendered":"<p><img loading=\"lazy\" decoding=\"async\" class=\"wp-image-5251 alignleft\" src=\"https:\/\/spvgg-reuth.de\/wp-content\/uploads\/2023\/11\/20230429_103605-scaled-e1701117711826-184x300.jpg\" alt=\"\" width=\"163\" height=\"266\" srcset=\"https:\/\/spvgg-reuth.de\/wp-content\/uploads\/2023\/11\/20230429_103605-scaled-e1701117711826-184x300.jpg 184w, https:\/\/spvgg-reuth.de\/wp-content\/uploads\/2023\/11\/20230429_103605-scaled-e1701117711826-600x979.jpg 600w, https:\/\/spvgg-reuth.de\/wp-content\/uploads\/2023\/11\/20230429_103605-scaled-e1701117711826-627x1024.jpg 627w, https:\/\/spvgg-reuth.de\/wp-content\/uploads\/2023\/11\/20230429_103605-scaled-e1701117711826-768x1253.jpg 768w, https:\/\/spvgg-reuth.de\/wp-content\/uploads\/2023\/11\/20230429_103605-scaled-e1701117711826-941x1536.jpg 941w, https:\/\/spvgg-reuth.de\/wp-content\/uploads\/2023\/11\/20230429_103605-scaled-e1701117711826-1255x2048.jpg 1255w, https:\/\/spvgg-reuth.de\/wp-content\/uploads\/2023\/11\/20230429_103605-scaled-e1701117711826.jpg 1337w\" sizes=\"auto, (max-width: 163px) 100vw, 163px\" \/>\u00a0 \u00a0 \u00a0<img loading=\"lazy\" decoding=\"async\" class=\"wp-image-5249 alignleft\" src=\"https:\/\/spvgg-reuth.de\/wp-content\/uploads\/2023\/11\/IMG-20230430-WA0036-e1701117669782-300x265.jpg\" alt=\"\" width=\"301\" height=\"266\" srcset=\"https:\/\/spvgg-reuth.de\/wp-content\/uploads\/2023\/11\/IMG-20230430-WA0036-e1701117669782-300x265.jpg 300w, https:\/\/spvgg-reuth.de\/wp-content\/uploads\/2023\/11\/IMG-20230430-WA0036-e1701117669782-600x530.jpg 600w, https:\/\/spvgg-reuth.de\/wp-content\/uploads\/2023\/11\/IMG-20230430-WA0036-e1701117669782-1024x905.jpg 1024w, https:\/\/spvgg-reuth.de\/wp-content\/uploads\/2023\/11\/IMG-20230430-WA0036-e1701117669782-768x678.jpg 768w, https:\/\/spvgg-reuth.de\/wp-content\/uploads\/2023\/11\/IMG-20230430-WA0036-e1701117669782.jpg 1200w\" sizes=\"auto, (max-width: 301px) 100vw, 301px\" \/><img loading=\"lazy\" decoding=\"async\" class=\"wp-image-5248 alignleft\" src=\"https:\/\/spvgg-reuth.de\/wp-content\/uploads\/2023\/11\/IMG-20230430-WA0024-e1701117785866-232x300.jpg\" alt=\"\" width=\"205\" height=\"265\" srcset=\"https:\/\/spvgg-reuth.de\/wp-content\/uploads\/2023\/11\/IMG-20230430-WA0024-e1701117785866-232x300.jpg 232w, https:\/\/spvgg-reuth.de\/wp-content\/uploads\/2023\/11\/IMG-20230430-WA0024-e1701117785866-600x776.jpg 600w, https:\/\/spvgg-reuth.de\/wp-content\/uploads\/2023\/11\/IMG-20230430-WA0024-e1701117785866-792x1024.jpg 792w, https:\/\/spvgg-reuth.de\/wp-content\/uploads\/2023\/11\/IMG-20230430-WA0024-e1701117785866-768x993.jpg 768w, https:\/\/spvgg-reuth.de\/wp-content\/uploads\/2023\/11\/IMG-20230430-WA0024-e1701117785866.jpg 870w\" sizes=\"auto, (max-width: 205px) 100vw, 205px\" \/><\/p>\n<p>&nbsp;<\/p>\n<p>&nbsp;<\/p>\n<p>&nbsp;<\/p>\n<p>&nbsp;<\/p>\n<pre><\/pre>\n<p>&nbsp;<\/p>\n<p>&nbsp;<\/p>\n<p>Ein besonderes Highlight im Turnkalender war das diesj\u00e4hrige Bayerischen Landesturnfest in Regensburg am letzten Aprilwochenende mit ca. 8.500 Teilnehmern und mehr als 100.000 Besuchern &#8211; mit dabei die 11 TurnerInnen und 6 BetreuerInnen der SpVgg Reuth und des VfB Forchheim. \u00dcbernachtet wurde in ausgew\u00e4hlten Schulen, was f\u00fcr den ein oder anderen schon an sich ein gro\u00dfes Abenteuer war.<\/p>\n<p>Mit dem Zug ging es Freitag fr\u00fch nach Regensburg, wo alle 12- bis 18-J\u00e4hrigen ihre Wahlwettk\u00e4mpfe bestehend aus Boden, Sprung, Reck sowie Balken f\u00fcr die M\u00e4dels und Barren f\u00fcr die Jungs bestritten. Es herrschte gro\u00dfes Gedr\u00e4nge in der Wettkampfhalle, da gerade bei den M\u00e4dels ein sehr gro\u00dfes Teilnehmerfeld in den jeweiligen Altersklassen an die Ger\u00e4te ging.<\/p>\n<p>Die beiden Turnerinnen der Sportvereinigung Amy Williams und Natalia Polychroniadi im Bereich W12-13 lie\u00dfen sich davon aber nicht beeindrucken und turnten ihre \u00dcbungen souver\u00e4n durch. Besonders an Balken und Boden konnten die beiden sch\u00f6ne \u00dcbungen pr\u00e4sentieren.<\/p>\n<p>Bei den Jungs in der M12-13 lief es \u00e4hnlich gut, wobei Sebastian Pohl, Nils Leonard und Deniz G\u00fcn vor allem am Sprung und Reck saubere \u00dcbungen ablieferten. Besonders erfolgreich war es f\u00fcr Emil Zimmermann, der vor dem Wettkampf entschied doch die h\u00f6herklassigen \u00dcbungen zu turnen, was durch saubere Ausf\u00fchrungen am Ende mit dem hervorragenden zweiten Platz belohnt wurde.<\/p>\n<p>In den Jugendklassen von M14-18 mit Jannik Wolff, Jonas Zeh, Luca Schwarzmann und Nick Zeh waren ebenfalls Reck und Sprung die Ger\u00e4te, an denen die Jungs die meisten Punkte errangen. Luca errang in seiner Altersklasse sogar den 8. Platz! R\u00fcckblickend war es f\u00fcr alle eine tolle Vorstellung f\u00fcr das erste Mal vor einer solchen Kulisse.<\/p>\n<p>Samstag stand ein buntes Programm auf dem Plan, mit dem Besuch von verschiedenen Wettk\u00e4mpfen, Showaktivit\u00e4ten und Mitmachaktion verteilt \u00fcber die Innenstadt von Regensburg. H\u00f6hepunkt dabei war die Teilnahme am Turn-Warrior-Parkour. \u00c4hnlich wie das gro\u00dfe Vorbild im Fernsehen konnte sich jeder mal austesten und schauen, wie schwei\u00dftreibend es ist unter Zeitdruck die Himmelsleiter zu erklimmen.<\/p>\n<p>Abschlie\u00dfend musste am Sonntag Christian Zimmermann im Seniorenbereich an die Ger\u00e4te. Es lief nach einigen Schwierigkeiten an Reck und Barren noch nicht ganz rund, aber umso mehr konnte er sich \u00fcber Platz 3 und die Qualifikation f\u00fcr die deutschen Meisterschaften in Sachsen freuen.<\/p>\n<p style=\"text-align: left;\">Danach ging es am Sonntagnachmittag f\u00fcr alle Teilnehmer mit tollen Eindr\u00fccken und Erinnerungen zur\u00fcck nach Forchheim.<\/p>\n<p><img loading=\"lazy\" decoding=\"async\" class=\"size-medium wp-image-5250 aligncenter\" src=\"https:\/\/spvgg-reuth.de\/wp-content\/uploads\/2023\/11\/IMG-20230430-WA0037-300x269.jpg\" alt=\"\" width=\"300\" height=\"269\" srcset=\"https:\/\/spvgg-reuth.de\/wp-content\/uploads\/2023\/11\/IMG-20230430-WA0037-300x269.jpg 300w, https:\/\/spvgg-reuth.de\/wp-content\/uploads\/2023\/11\/IMG-20230430-WA0037-600x538.jpg 600w, https:\/\/spvgg-reuth.de\/wp-content\/uploads\/2023\/11\/IMG-20230430-WA0037-1024x917.jpg 1024w, https:\/\/spvgg-reuth.de\/wp-content\/uploads\/2023\/11\/IMG-20230430-WA0037-768x688.jpg 768w, https:\/\/spvgg-reuth.de\/wp-content\/uploads\/2023\/11\/IMG-20230430-WA0037.jpg 1229w\" sizes=\"auto, (max-width: 300px) 100vw, 300px\" \/><\/p>\n","protected":false},"excerpt":{"rendered":"<p>\u00a0 \u00a0 \u00a0 &nbsp; &nbsp; &nbsp; &nbsp; &nbsp; &nbsp; Ein besonderes Highlight im Turnkalender war das diesj\u00e4hrige Bayerischen Landesturnfest in Regensburg am letzten Aprilwochenende mit ca. 8.500 Teilnehmern und mehr [&hellip;]<\/p>\n","protected":false},"author":4,"featured_media":0,"comment_status":"open","ping_status":"open","sticky":false,"template":"","format":"standard","meta":{"_monsterinsights_skip_tracking":false,"_monsterinsights_sitenote_active":false,"_monsterinsights_sitenote_note":"","_monsterinsights_sitenote_category":0,"footnotes":""},"categories":[7,4,12],"tags":[],"class_list":["post-5247","post","type-post","status-publish","format-standard","hentry","category-allgemein","category-geraetturnen","category-turnen"],"aioseo_notices":[],"_links":{"self":[{"href":"https:\/\/spvgg-reuth.de\/index.php?rest_route=\/wp\/v2\/posts\/5247","targetHints":{"allow":["GET"]}}],"collection":[{"href":"https:\/\/spvgg-reuth.de\/index.php?rest_route=\/wp\/v2\/posts"}],"about":[{"href":"https:\/\/spvgg-reuth.de\/index.php?rest_route=\/wp\/v2\/types\/post"}],"author":[{"embeddable":true,"href":"https:\/\/spvgg-reuth.de\/index.php?rest_route=\/wp\/v2\/users\/4"}],"replies":[{"embeddable":true,"href":"https:\/\/spvgg-reuth.de\/index.php?rest_route=%2Fwp%2Fv2%2Fcomments&post=5247"}],"version-history":[{"count":0,"href":"https:\/\/spvgg-reuth.de\/index.php?rest_route=\/wp\/v2\/posts\/5247\/revisions"}],"wp:attachment":[{"href":"https:\/\/spvgg-reuth.de\/index.php?rest_route=%2Fwp%2Fv2%2Fmedia&parent=5247"}],"wp:term":[{"taxonomy":"category","embeddable":true,"href":"https:\/\/spvgg-reuth.de\/index.php?rest_route=%2Fwp%2Fv2%2Fcategories&post=5247"},{"taxonomy":"post_tag","embeddable":true,"href":"https:\/\/spvgg-reuth.de\/index.php?rest_route=%2Fwp%2Fv2%2Ftags&post=5247"}],"curies":[{"name":"wp","href":"https:\/\/api.w.org\/{rel}","templated":true}]}}