{"id":5275,"date":"2023-11-28T20:51:45","date_gmt":"2023-11-28T20:51:45","guid":{"rendered":"https:\/\/spvgg-reuth.de\/?p=5275"},"modified":"2023-11-28T20:51:45","modified_gmt":"2023-11-28T20:51:45","slug":"gelungener-saisonschluss-der-forchheimer-turner","status":"publish","type":"post","link":"https:\/\/spvgg-reuth.de\/?p=5275","title":{"rendered":"Gelungener Saisonschluss der Forchheimer Turner"},"content":{"rendered":"<p><img loading=\"lazy\" decoding=\"async\" class=\"size-medium wp-image-5283\" style=\"font-size: 16px;\" src=\"https:\/\/spvgg-reuth.de\/wp-content\/uploads\/2023\/11\/02-Jakob-S-Ringe-2-223x300.jpg\" alt=\"\" width=\"223\" height=\"300\" srcset=\"https:\/\/spvgg-reuth.de\/wp-content\/uploads\/2023\/11\/02-Jakob-S-Ringe-2-223x300.jpg 223w, https:\/\/spvgg-reuth.de\/wp-content\/uploads\/2023\/11\/02-Jakob-S-Ringe-2-600x809.jpg 600w, https:\/\/spvgg-reuth.de\/wp-content\/uploads\/2023\/11\/02-Jakob-S-Ringe-2-760x1024.jpg 760w, https:\/\/spvgg-reuth.de\/wp-content\/uploads\/2023\/11\/02-Jakob-S-Ringe-2-768x1035.jpg 768w, https:\/\/spvgg-reuth.de\/wp-content\/uploads\/2023\/11\/02-Jakob-S-Ringe-2-1140x1536.jpg 1140w, https:\/\/spvgg-reuth.de\/wp-content\/uploads\/2023\/11\/02-Jakob-S-Ringe-2-rotated.jpg 1205w\" sizes=\"auto, (max-width: 223px) 100vw, 223px\" \/>\u00a0 \u00a0 \u00a0 \u00a0 \u00a0<img loading=\"lazy\" decoding=\"async\" class=\"alignnone wp-image-5285\" src=\"https:\/\/spvgg-reuth.de\/wp-content\/uploads\/2023\/11\/01-Emil-Z-Barren-1-285x300.jpg\" alt=\"\" width=\"293\" height=\"308\" srcset=\"https:\/\/spvgg-reuth.de\/wp-content\/uploads\/2023\/11\/01-Emil-Z-Barren-1-285x300.jpg 285w, https:\/\/spvgg-reuth.de\/wp-content\/uploads\/2023\/11\/01-Emil-Z-Barren-1-600x633.jpg 600w, https:\/\/spvgg-reuth.de\/wp-content\/uploads\/2023\/11\/01-Emil-Z-Barren-1-971x1024.jpg 971w, https:\/\/spvgg-reuth.de\/wp-content\/uploads\/2023\/11\/01-Emil-Z-Barren-1-768x810.jpg 768w, https:\/\/spvgg-reuth.de\/wp-content\/uploads\/2023\/11\/01-Emil-Z-Barren-1.jpg 1341w\" sizes=\"auto, (max-width: 293px) 100vw, 293px\" \/>\u00a0 \u00a0 \u00a0 \u00a0 \u00a0<img loading=\"lazy\" decoding=\"async\" class=\" wp-image-5284 alignnone\" src=\"https:\/\/spvgg-reuth.de\/wp-content\/uploads\/2023\/11\/03-Timon-Ringe-2-198x300.jpg\" alt=\"\" width=\"204\" height=\"309\" srcset=\"https:\/\/spvgg-reuth.de\/wp-content\/uploads\/2023\/11\/03-Timon-Ringe-2-198x300.jpg 198w, https:\/\/spvgg-reuth.de\/wp-content\/uploads\/2023\/11\/03-Timon-Ringe-2-600x910.jpg 600w, https:\/\/spvgg-reuth.de\/wp-content\/uploads\/2023\/11\/03-Timon-Ringe-2-675x1024.jpg 675w, https:\/\/spvgg-reuth.de\/wp-content\/uploads\/2023\/11\/03-Timon-Ringe-2-768x1164.jpg 768w, https:\/\/spvgg-reuth.de\/wp-content\/uploads\/2023\/11\/03-Timon-Ringe-2-1013x1536.jpg 1013w, https:\/\/spvgg-reuth.de\/wp-content\/uploads\/2023\/11\/03-Timon-Ringe-2-rotated.jpg 1015w\" sizes=\"auto, (max-width: 204px) 100vw, 204px\" \/><\/p>\n<p>&nbsp;<\/p>\n<p>Am vergangenen Sonntag, den 19.11.2023, fand der zweite und damit abschlie\u00dfende Wettkampftag der m\u00e4nnlichen Sch\u00fclerliga im Turngau S\u00fcdoberfranken in der Vereinsturnhalle der TS Lichtenfels statt. Geturnt wurde als Mannschaft in verschieden Jahrg\u00e4ngen im P-Programm (Pflicht\u00fcbungen) des DTB an allen 6 Ger\u00e4ten.<\/p>\n<p>Wie schon einen Monat zuvor in Altenkunstadt stellten die Turner aus Forchheim mit 3 vollbesetzten Mannschaften das st\u00e4rkste Team, wobei die C- und D-Jugend f\u00fcr den VfB Forchheim und die E-Jugend f\u00fcr die SpVgg Reuth an die Ger\u00e4te gingen.<\/p>\n<p>Die Gro\u00dfen der Jugend C mit Nils Leonhard, Sebastian Pohl, Deniz G\u00fcn, Ben Justi und Emil Zimmermann hatten nach dem ersten Wettkampf noch Chancen auf das oberste Treppchen. In den letzten Wochen wurde daf\u00fcr nochmal intensiv trainiert. Gerade aber der Wechsel von den Tiefger\u00e4ten an Barren und Reck zu den Hochger\u00e4ten ist eine gro\u00dfe Umstellung und so konnten leider noch nicht alle \u00dcbungen fehlerfrei pr\u00e4sentiert werden. Am Ende musste man sich der TG Rehau\/Hof (517,80 Pkt.) geschlagen geben und erreichte den 2. Platz (495,70 Pkt.).<\/p>\n<p>Die Jungs der Jugend D mit Emanuel Schlosser, Leonard Pohl, Jakob Seeberger, Krispin St\u00f6hr und Laurens Rotter hatten ebenfalls bereits R\u00fcckstand aus dem vorherigen Wettkampf auf die Mannschaft vom TV Altenkunstadt. Mit Krispin und Laurens fehlten im Oktober zwei Turner krankheitsbedingt. Beim zweiten Wettkampf zeigte sich dieses Mal ein anderes Bild, bei dem sich die Jungs in Vollbesetzung im Direktvergleich knapp vor dem TV Altenkunstadt durchsetzten. Jedoch war der R\u00fcckstand aus dem ersten Wettkampf zu gro\u00df und so belegten die Forchheimer einen sehr guten zweiten Platz (460,35 Pkt.) hinter dem TV Altenkunstadt (473,35 Pkt.).<\/p>\n<p>Im Jahrgang 2013 stellten die Forchheimer mit Jakob Seeberger den Turner mit der besten Einzelwertung.<\/p>\n<p>Eine gro\u00dfartige Mannschaftsleistung boten die j\u00fcngsten Turner der Jugend E mit Oskar Zimmermann, Timon Scheld, Lukas Marquardt, Philo Reickersdorfer und Jakob Hoh. Sie triumphierten wie bereits im Vorjahr mit gro\u00dfem Abstand und belegten den 1. Platz (445,55 Pkt.) vor der TS Lichtenfels (434,40 Pkt.) und der TG Rehau\/Hof (329,20 Pkt.). Dabei konnten durchweg alle Jungs mit h\u00f6herklassigen \u00dcbungen im Vergleich zum Vorjahr punkten.<\/p>\n<p>Zudem erturnten Jakob Hoh (2016) und Lukas Marquardt (2015) die besten Einzelergebnisse in ihren Jahrg\u00e4ngen.<\/p>\n<p><img loading=\"lazy\" decoding=\"async\" class=\"size-medium wp-image-5278\" src=\"https:\/\/spvgg-reuth.de\/wp-content\/uploads\/2023\/11\/04-Gruppe-SpVgg-Vfb-1-300x219.jpg\" alt=\"\" width=\"300\" height=\"219\" srcset=\"https:\/\/spvgg-reuth.de\/wp-content\/uploads\/2023\/11\/04-Gruppe-SpVgg-Vfb-1-300x219.jpg 300w, https:\/\/spvgg-reuth.de\/wp-content\/uploads\/2023\/11\/04-Gruppe-SpVgg-Vfb-1-600x439.jpg 600w, https:\/\/spvgg-reuth.de\/wp-content\/uploads\/2023\/11\/04-Gruppe-SpVgg-Vfb-1-1024x749.jpg 1024w, https:\/\/spvgg-reuth.de\/wp-content\/uploads\/2023\/11\/04-Gruppe-SpVgg-Vfb-1-768x561.jpg 768w, https:\/\/spvgg-reuth.de\/wp-content\/uploads\/2023\/11\/04-Gruppe-SpVgg-Vfb-1-1536x1123.jpg 1536w, https:\/\/spvgg-reuth.de\/wp-content\/uploads\/2023\/11\/04-Gruppe-SpVgg-Vfb-1-2048x1497.jpg 2048w\" sizes=\"auto, (max-width: 300px) 100vw, 300px\" \/><\/p>\n","protected":false},"excerpt":{"rendered":"<p>\u00a0 \u00a0 \u00a0 \u00a0 \u00a0\u00a0 \u00a0 \u00a0 \u00a0 \u00a0 &nbsp; Am vergangenen Sonntag, den 19.11.2023, fand der zweite und damit abschlie\u00dfende Wettkampftag der m\u00e4nnlichen Sch\u00fclerliga im Turngau S\u00fcdoberfranken in der [&hellip;]<\/p>\n","protected":false},"author":4,"featured_media":0,"comment_status":"open","ping_status":"open","sticky":false,"template":"","format":"standard","meta":{"_monsterinsights_skip_tracking":false,"_monsterinsights_sitenote_active":false,"_monsterinsights_sitenote_note":"","_monsterinsights_sitenote_category":0,"footnotes":""},"categories":[7,4,12],"tags":[],"class_list":["post-5275","post","type-post","status-publish","format-standard","hentry","category-allgemein","category-geraetturnen","category-turnen"],"aioseo_notices":[],"_links":{"self":[{"href":"https:\/\/spvgg-reuth.de\/index.php?rest_route=\/wp\/v2\/posts\/5275","targetHints":{"allow":["GET"]}}],"collection":[{"href":"https:\/\/spvgg-reuth.de\/index.php?rest_route=\/wp\/v2\/posts"}],"about":[{"href":"https:\/\/spvgg-reuth.de\/index.php?rest_route=\/wp\/v2\/types\/post"}],"author":[{"embeddable":true,"href":"https:\/\/spvgg-reuth.de\/index.php?rest_route=\/wp\/v2\/users\/4"}],"replies":[{"embeddable":true,"href":"https:\/\/spvgg-reuth.de\/index.php?rest_route=%2Fwp%2Fv2%2Fcomments&post=5275"}],"version-history":[{"count":0,"href":"https:\/\/spvgg-reuth.de\/index.php?rest_route=\/wp\/v2\/posts\/5275\/revisions"}],"wp:attachment":[{"href":"https:\/\/spvgg-reuth.de\/index.php?rest_route=%2Fwp%2Fv2%2Fmedia&parent=5275"}],"wp:term":[{"taxonomy":"category","embeddable":true,"href":"https:\/\/spvgg-reuth.de\/index.php?rest_route=%2Fwp%2Fv2%2Fcategories&post=5275"},{"taxonomy":"post_tag","embeddable":true,"href":"https:\/\/spvgg-reuth.de\/index.php?rest_route=%2Fwp%2Fv2%2Ftags&post=5275"}],"curies":[{"name":"wp","href":"https:\/\/api.w.org\/{rel}","templated":true}]}}