{"id":7286,"date":"2025-05-17T08:39:33","date_gmt":"2025-05-17T08:39:33","guid":{"rendered":"https:\/\/spvgg-reuth.de\/?p=7286"},"modified":"2025-05-17T08:39:33","modified_gmt":"2025-05-17T08:39:33","slug":"ranglisten-turnier-european-open-in-wuerzburg-giebelstadt-am-10-5-2025","status":"publish","type":"post","link":"https:\/\/spvgg-reuth.de\/?p=7286","title":{"rendered":"Ranglisten Turnier European Open in W\u00fcrzburg-Giebelstadt am 10.5.2025."},"content":{"rendered":"<p style=\"font-weight: 400\">Seit 20 Jahren besuchen die Karateka um Helmut Stadelmann dieses Turnier. Mit einer neuen Generation und mit Unterst\u00fctzung der bereits erfahrenen K\u00e4mpfer der Vereine aus Oberfranken war es wieder mal ein sch\u00f6ner Erfolg. Nat\u00fcrlich war die Anspannung der Neuen zu sp\u00fcren, aber sie meisterten alle Herausforderungen zur Zufriedenheit der Trainer. Manch umstrittene Kampfrichterentscheidung konnte nicht dar\u00fcber hinwegt\u00e4uschen, dass die Okinawa K\u00e4mpfer die erfolgreichsten Teilnehmer stellten. Mit 45 Einzel- und 16 Gruppenstarts in 5 Disziplinen (Karate-Kata, Karate-Team-Kata, Kobudo-Kata, Kobudo-Team-Kata und Freikampf) erk\u00e4mpften den 1. Platz in der Gesamtwertung Frl. Nele Kleinhenz f\u00fcr Pretzfeld. Dornbusch Max f\u00fcr Poxdorf, Masloff Moritz f\u00fcr Neuses, Geburtstagskind Nina Roppelt f\u00fcr Weilersbach, Alexander Hertlein f\u00fcr Effeltrich, Fernandez Javier f\u00fcr Poxdorf. F\u00fcr Reuth teilen sich den ersten Platz Marie Orth, Frida Winkler und Thomas Winkler.<\/p>\n<p style=\"font-weight: 400\">Weitere Informationen unter:\u00a0<a href=\"https:\/\/deref-gmx.net\/mail\/client\/76acNawjDCI\/dereferrer\/?redirectUrl=http%3A%2F%2Fwww.karatekampfkunst.de\">www.karatekampfkunst.de<\/a><a href=\"https:\/\/spvgg-reuth.de\/wp-content\/uploads\/2025\/05\/Reuth.jpg\"><img loading=\"lazy\" decoding=\"async\" class=\"alignnone size-large wp-image-7284\" src=\"https:\/\/spvgg-reuth.de\/wp-content\/uploads\/2025\/05\/Reuth-783x1024.jpg\" alt=\"\" width=\"783\" height=\"1024\" srcset=\"https:\/\/spvgg-reuth.de\/wp-content\/uploads\/2025\/05\/Reuth-783x1024.jpg 783w, https:\/\/spvgg-reuth.de\/wp-content\/uploads\/2025\/05\/Reuth-600x785.jpg 600w, https:\/\/spvgg-reuth.de\/wp-content\/uploads\/2025\/05\/Reuth-229x300.jpg 229w, https:\/\/spvgg-reuth.de\/wp-content\/uploads\/2025\/05\/Reuth-768x1005.jpg 768w, https:\/\/spvgg-reuth.de\/wp-content\/uploads\/2025\/05\/Reuth.jpg 1116w\" sizes=\"auto, (max-width: 783px) 100vw, 783px\" \/><\/a><a href=\"https:\/\/spvgg-reuth.de\/wp-content\/uploads\/2025\/05\/DSC_8710.jpg\"><img loading=\"lazy\" decoding=\"async\" class=\"alignnone size-large wp-image-7283\" src=\"https:\/\/spvgg-reuth.de\/wp-content\/uploads\/2025\/05\/DSC_8710-1024x431.jpg\" alt=\"\" width=\"1024\" height=\"431\" srcset=\"https:\/\/spvgg-reuth.de\/wp-content\/uploads\/2025\/05\/DSC_8710-1024x431.jpg 1024w, https:\/\/spvgg-reuth.de\/wp-content\/uploads\/2025\/05\/DSC_8710-600x253.jpg 600w, https:\/\/spvgg-reuth.de\/wp-content\/uploads\/2025\/05\/DSC_8710-300x126.jpg 300w, https:\/\/spvgg-reuth.de\/wp-content\/uploads\/2025\/05\/DSC_8710-768x324.jpg 768w, https:\/\/spvgg-reuth.de\/wp-content\/uploads\/2025\/05\/DSC_8710-1536x647.jpg 1536w, https:\/\/spvgg-reuth.de\/wp-content\/uploads\/2025\/05\/DSC_8710.jpg 1640w\" sizes=\"auto, (max-width: 1024px) 100vw, 1024px\" \/><\/a><\/p>\n","protected":false},"excerpt":{"rendered":"<p>Seit 20 Jahren besuchen die Karateka um Helmut Stadelmann dieses Turnier. Mit einer neuen Generation und mit Unterst\u00fctzung der bereits erfahrenen K\u00e4mpfer der Vereine aus Oberfranken war es wieder mal [&hellip;]<\/p>\n","protected":false},"author":9,"featured_media":0,"comment_status":"open","ping_status":"open","sticky":false,"template":"","format":"standard","meta":{"_monsterinsights_skip_tracking":false,"_monsterinsights_sitenote_active":false,"_monsterinsights_sitenote_note":"","_monsterinsights_sitenote_category":0,"footnotes":""},"categories":[6],"tags":[],"class_list":["post-7286","post","type-post","status-publish","format-standard","hentry","category-karate"],"aioseo_notices":[],"_links":{"self":[{"href":"https:\/\/spvgg-reuth.de\/index.php?rest_route=\/wp\/v2\/posts\/7286","targetHints":{"allow":["GET"]}}],"collection":[{"href":"https:\/\/spvgg-reuth.de\/index.php?rest_route=\/wp\/v2\/posts"}],"about":[{"href":"https:\/\/spvgg-reuth.de\/index.php?rest_route=\/wp\/v2\/types\/post"}],"author":[{"embeddable":true,"href":"https:\/\/spvgg-reuth.de\/index.php?rest_route=\/wp\/v2\/users\/9"}],"replies":[{"embeddable":true,"href":"https:\/\/spvgg-reuth.de\/index.php?rest_route=%2Fwp%2Fv2%2Fcomments&post=7286"}],"version-history":[{"count":0,"href":"https:\/\/spvgg-reuth.de\/index.php?rest_route=\/wp\/v2\/posts\/7286\/revisions"}],"wp:attachment":[{"href":"https:\/\/spvgg-reuth.de\/index.php?rest_route=%2Fwp%2Fv2%2Fmedia&parent=7286"}],"wp:term":[{"taxonomy":"category","embeddable":true,"href":"https:\/\/spvgg-reuth.de\/index.php?rest_route=%2Fwp%2Fv2%2Fcategories&post=7286"},{"taxonomy":"post_tag","embeddable":true,"href":"https:\/\/spvgg-reuth.de\/index.php?rest_route=%2Fwp%2Fv2%2Ftags&post=7286"}],"curies":[{"name":"wp","href":"https:\/\/api.w.org\/{rel}","templated":true}]}}