{"id":7294,"date":"2025-05-26T16:15:29","date_gmt":"2025-05-26T16:15:29","guid":{"rendered":"https:\/\/spvgg-reuth.de\/?p=7294"},"modified":"2025-05-26T16:15:29","modified_gmt":"2025-05-26T16:15:29","slug":"kobudo-lehrgang-mit-pruefungen","status":"publish","type":"post","link":"https:\/\/spvgg-reuth.de\/?p=7294","title":{"rendered":"Kobudo Lehrgang mit Pr\u00fcfungen"},"content":{"rendered":"<p style=\"font-weight: 400\">Viele unterschiedliche Nationen trainieren in unseren angeschlossenen Vereinen Karate und Kobudo. Unser praktiziertes Okinawate hat es ihnen angetan. So war es auch am letzten Wochenende in Poxdorf. Die perfekte Organisation von Dojoleiter Christian Mayr machte es den Trainern, Pr\u00fcfern und Helfern um Helmut Stadelmann leicht, mit Sabrina Hofmann welche extra aus M\u00fcnchen anreiste einen gelungenen Lehrgang anzubieten. Die Schulturnhalle war ausgebucht, selbst die B\u00e4nke waren mit den Angeh\u00f6rigen alle besetzt. Das Mittagessen lieferte die Pizzeria Fati aus Kauernhofen. Trotz aller perfekter Organisation z\u00e4hlt bei einem Kampfkunst Lehrgang aber nur das soziale Miteinander der Aktiven. Dies ist f\u00fcr unsere Trainer eine Herzensangelegenheit. Somit endete der anstrengende Tag mit der \u00dcbergabe der Pr\u00fcfungsurkunden und alle gingen m\u00fcde, aber zufrieden nach Hause.<\/p>\n<p style=\"font-weight: 400\">Weitere Informationen unter:\u00a0<a href=\"https:\/\/deref-gmx.net\/mail\/client\/76acNawjDCI\/dereferrer\/?redirectUrl=http%3A%2F%2Fwww.karatekampfkunst.de\">www.karatekampfkunst.de<\/a><a href=\"https:\/\/spvgg-reuth.de\/wp-content\/uploads\/2025\/05\/Unbenannt-1.jpg\"><img loading=\"lazy\" decoding=\"async\" class=\"alignnone size-large wp-image-7293\" src=\"https:\/\/spvgg-reuth.de\/wp-content\/uploads\/2025\/05\/Unbenannt-1-1024x571.jpg\" alt=\"\" width=\"1024\" height=\"571\" srcset=\"https:\/\/spvgg-reuth.de\/wp-content\/uploads\/2025\/05\/Unbenannt-1-1024x571.jpg 1024w, https:\/\/spvgg-reuth.de\/wp-content\/uploads\/2025\/05\/Unbenannt-1-600x335.jpg 600w, https:\/\/spvgg-reuth.de\/wp-content\/uploads\/2025\/05\/Unbenannt-1-300x167.jpg 300w, https:\/\/spvgg-reuth.de\/wp-content\/uploads\/2025\/05\/Unbenannt-1-768x429.jpg 768w, https:\/\/spvgg-reuth.de\/wp-content\/uploads\/2025\/05\/Unbenannt-1.jpg 1240w\" sizes=\"auto, (max-width: 1024px) 100vw, 1024px\" \/><\/a><\/p>\n","protected":false},"excerpt":{"rendered":"<p>Viele unterschiedliche Nationen trainieren in unseren angeschlossenen Vereinen Karate und Kobudo. Unser praktiziertes Okinawate hat es ihnen angetan. So war es auch am letzten Wochenende in Poxdorf. Die perfekte Organisation [&hellip;]<\/p>\n","protected":false},"author":9,"featured_media":0,"comment_status":"open","ping_status":"open","sticky":false,"template":"","format":"standard","meta":{"_monsterinsights_skip_tracking":false,"_monsterinsights_sitenote_active":false,"_monsterinsights_sitenote_note":"","_monsterinsights_sitenote_category":0,"footnotes":""},"categories":[6],"tags":[],"class_list":["post-7294","post","type-post","status-publish","format-standard","hentry","category-karate"],"aioseo_notices":[],"_links":{"self":[{"href":"https:\/\/spvgg-reuth.de\/index.php?rest_route=\/wp\/v2\/posts\/7294","targetHints":{"allow":["GET"]}}],"collection":[{"href":"https:\/\/spvgg-reuth.de\/index.php?rest_route=\/wp\/v2\/posts"}],"about":[{"href":"https:\/\/spvgg-reuth.de\/index.php?rest_route=\/wp\/v2\/types\/post"}],"author":[{"embeddable":true,"href":"https:\/\/spvgg-reuth.de\/index.php?rest_route=\/wp\/v2\/users\/9"}],"replies":[{"embeddable":true,"href":"https:\/\/spvgg-reuth.de\/index.php?rest_route=%2Fwp%2Fv2%2Fcomments&post=7294"}],"version-history":[{"count":0,"href":"https:\/\/spvgg-reuth.de\/index.php?rest_route=\/wp\/v2\/posts\/7294\/revisions"}],"wp:attachment":[{"href":"https:\/\/spvgg-reuth.de\/index.php?rest_route=%2Fwp%2Fv2%2Fmedia&parent=7294"}],"wp:term":[{"taxonomy":"category","embeddable":true,"href":"https:\/\/spvgg-reuth.de\/index.php?rest_route=%2Fwp%2Fv2%2Fcategories&post=7294"},{"taxonomy":"post_tag","embeddable":true,"href":"https:\/\/spvgg-reuth.de\/index.php?rest_route=%2Fwp%2Fv2%2Ftags&post=7294"}],"curies":[{"name":"wp","href":"https:\/\/api.w.org\/{rel}","templated":true}]}}