{"id":7672,"date":"2025-08-16T18:29:50","date_gmt":"2025-08-16T18:29:50","guid":{"rendered":"https:\/\/spvgg-reuth.de\/?p=7672"},"modified":"2025-08-16T18:29:50","modified_gmt":"2025-08-16T18:29:50","slug":"karate-zeltlager","status":"publish","type":"post","link":"https:\/\/spvgg-reuth.de\/?p=7672","title":{"rendered":"Karate Zeltlager"},"content":{"rendered":"<p>Wie immer p\u00fcnktlich nach dem letzten Schultag startete die oberfr\u00e4nkische Karategruppe ihr j\u00e4hrliches Zeltlager. Der Wettergott war auf unserer Seite und wir hatten ideales Trainingswetter. Es wurde gegrillt, Nudeln gekocht, Getr\u00e4nke und Kaffee bereitgestellt. So str\u00f6mten die Mitglieder unserer Vereine nach Neuses, bauten ihre Zelte auf, parkten ihre Wohnw\u00e4gen und Campinganh\u00e4nger. Es waren alle Pl\u00e4tze ausgebucht und besetzt. Unsere Dojoleiter und Trainer bew\u00e4ltigten den Ansturm der Karateka und diese zeigten den vielen Zuschauern, was sie gelernt haben. Bei den Pr\u00fcfungen am Samstag und Sonntag zeigte sich Frau Sabrina Hofmann aus M\u00fcnchen sehr zufrieden mit den Leistungen. Die Trainer Anna Knauer, Marion Kn\u00f6rlein, Christian Mayr, Thorsten Lehmann und Altmeister Helmut Stadelmann konnten allen Teilnehmern ihre Urkunden und die neuen G\u00fcrtel \u00fcbergeben. Das Bild zeigt einen Bruchtest (Tameshiwari).<\/p>\n<p>Weitere Informationen unter:\u00a0<a href=\"http:\/\/www.karatekampfkunst.de\/\">www.karatekampfkunst.de<\/a><\/p>\n<p>&nbsp;<\/p>\n<p><a href=\"https:\/\/spvgg-reuth.de\/wp-content\/uploads\/2025\/08\/Karate-Zeltlager-in-Neuses-Eggolsheim-01-320x320-1.jpg\"><img loading=\"lazy\" decoding=\"async\" class=\"alignnone size-full wp-image-7671\" src=\"https:\/\/spvgg-reuth.de\/wp-content\/uploads\/2025\/08\/Karate-Zeltlager-in-Neuses-Eggolsheim-01-320x320-1.jpg\" alt=\"\" width=\"320\" height=\"320\" srcset=\"https:\/\/spvgg-reuth.de\/wp-content\/uploads\/2025\/08\/Karate-Zeltlager-in-Neuses-Eggolsheim-01-320x320-1.jpg 320w, https:\/\/spvgg-reuth.de\/wp-content\/uploads\/2025\/08\/Karate-Zeltlager-in-Neuses-Eggolsheim-01-320x320-1-300x300.jpg 300w, https:\/\/spvgg-reuth.de\/wp-content\/uploads\/2025\/08\/Karate-Zeltlager-in-Neuses-Eggolsheim-01-320x320-1-150x150.jpg 150w, https:\/\/spvgg-reuth.de\/wp-content\/uploads\/2025\/08\/Karate-Zeltlager-in-Neuses-Eggolsheim-01-320x320-1-100x100.jpg 100w\" sizes=\"auto, (max-width: 320px) 100vw, 320px\" \/><\/a><a href=\"https:\/\/spvgg-reuth.de\/wp-content\/uploads\/2025\/08\/Karate-Zeltlager-in-Neuses-Eggolsheim-320x320-1.jpg\"><img loading=\"lazy\" decoding=\"async\" class=\"alignnone size-full wp-image-7669\" src=\"https:\/\/spvgg-reuth.de\/wp-content\/uploads\/2025\/08\/Karate-Zeltlager-in-Neuses-Eggolsheim-320x320-1.jpg\" alt=\"\" width=\"320\" height=\"320\" srcset=\"https:\/\/spvgg-reuth.de\/wp-content\/uploads\/2025\/08\/Karate-Zeltlager-in-Neuses-Eggolsheim-320x320-1.jpg 320w, https:\/\/spvgg-reuth.de\/wp-content\/uploads\/2025\/08\/Karate-Zeltlager-in-Neuses-Eggolsheim-320x320-1-300x300.jpg 300w, https:\/\/spvgg-reuth.de\/wp-content\/uploads\/2025\/08\/Karate-Zeltlager-in-Neuses-Eggolsheim-320x320-1-150x150.jpg 150w, https:\/\/spvgg-reuth.de\/wp-content\/uploads\/2025\/08\/Karate-Zeltlager-in-Neuses-Eggolsheim-320x320-1-100x100.jpg 100w\" sizes=\"auto, (max-width: 320px) 100vw, 320px\" \/><\/a><\/p>\n","protected":false},"excerpt":{"rendered":"<p>Wie immer p\u00fcnktlich nach dem letzten Schultag startete die oberfr\u00e4nkische Karategruppe ihr j\u00e4hrliches Zeltlager. Der Wettergott war auf unserer Seite und wir hatten ideales Trainingswetter. Es wurde gegrillt, Nudeln gekocht, [&hellip;]<\/p>\n","protected":false},"author":9,"featured_media":0,"comment_status":"open","ping_status":"open","sticky":false,"template":"","format":"standard","meta":{"_monsterinsights_skip_tracking":false,"_monsterinsights_sitenote_active":false,"_monsterinsights_sitenote_note":"","_monsterinsights_sitenote_category":0,"footnotes":""},"categories":[6],"tags":[],"class_list":["post-7672","post","type-post","status-publish","format-standard","hentry","category-karate"],"aioseo_notices":[],"_links":{"self":[{"href":"https:\/\/spvgg-reuth.de\/index.php?rest_route=\/wp\/v2\/posts\/7672","targetHints":{"allow":["GET"]}}],"collection":[{"href":"https:\/\/spvgg-reuth.de\/index.php?rest_route=\/wp\/v2\/posts"}],"about":[{"href":"https:\/\/spvgg-reuth.de\/index.php?rest_route=\/wp\/v2\/types\/post"}],"author":[{"embeddable":true,"href":"https:\/\/spvgg-reuth.de\/index.php?rest_route=\/wp\/v2\/users\/9"}],"replies":[{"embeddable":true,"href":"https:\/\/spvgg-reuth.de\/index.php?rest_route=%2Fwp%2Fv2%2Fcomments&post=7672"}],"version-history":[{"count":0,"href":"https:\/\/spvgg-reuth.de\/index.php?rest_route=\/wp\/v2\/posts\/7672\/revisions"}],"wp:attachment":[{"href":"https:\/\/spvgg-reuth.de\/index.php?rest_route=%2Fwp%2Fv2%2Fmedia&parent=7672"}],"wp:term":[{"taxonomy":"category","embeddable":true,"href":"https:\/\/spvgg-reuth.de\/index.php?rest_route=%2Fwp%2Fv2%2Fcategories&post=7672"},{"taxonomy":"post_tag","embeddable":true,"href":"https:\/\/spvgg-reuth.de\/index.php?rest_route=%2Fwp%2Fv2%2Ftags&post=7672"}],"curies":[{"name":"wp","href":"https:\/\/api.w.org\/{rel}","templated":true}]}}